{"id":75734,"date":"2024-12-22T09:50:00","date_gmt":"2024-12-22T15:50:00","guid":{"rendered":"https:\/\/zonaroja.com.mx\/?p=75734"},"modified":"2024-12-22T07:09:55","modified_gmt":"2024-12-22T13:09:55","slug":"en-24-horas-accidentes-dejan-cinco-muertos-en-oaxaca","status":"publish","type":"post","link":"https:\/\/zonaroja.com.mx\/?p=75734","title":{"rendered":"En 24 horas, accidentes dejan cinco muertos en Oaxaca"},"content":{"rendered":"\n<p>Raymundo Morales\/Zona Roja.<\/p>\n\n\n\n<p>Oaxaca de Ju\u00e1rez, Oax., a 22 de diciembre de 2024.- En poco m\u00e1s de 24 horas, al menos cinco personas han perdido la vida a causa de accidentes viales, en diversas regiones del estado de Oaxaca.<\/p>\n\n\n\n<p>El m\u00e1s reciente hecho ocurri\u00f3 ayer s\u00e1bado por la tarde en Candelaria Loxicha, municipio de la regi\u00f3n Costa, donde perdieron la vida dos menores de edad, de seis y nueve a\u00f1os de edad,<\/p>\n\n\n\n<p>El chofer de una unidad de motor perdi\u00f3 el control y volc\u00f3 en el barrio Los Valencia, mientras sub\u00eda una pendiente, lo que dej\u00f3 como saldo tambi\u00e9n seis personas lesionadas.<\/p>\n\n\n\n<p>Tambi\u00e9n ayer por la tarde, una persona a\u00fan no identificada perdi\u00f3 la vida en un accidente vehicular registrado en Santos Reyes Nopala, municipio de la regi\u00f3n Costa.<\/p>\n\n\n\n<p>Otra tragedia ocurri\u00f3 la madrugada de ayer en el tramo carretero Juchit\u00e1n de Zaragoza-Santo Domingo Tehuantepec, a la altura del crucero a Puente Madera, San Blas Atempa.<\/p>\n\n\n\n<p>Un veh\u00edculo marca Volkswagen se impact\u00f3 con un tr\u00e1iler, lo que dej\u00f3 como resultado una persona fallecida, de aproximadamente 31 a\u00f1os de edad.<\/p>\n\n\n\n<p>De manera preliminar, la v\u00edctima fue identificada como \u00c9dgar Santiago Avenda\u00f1o L\u00f3pez, originario de Salina Cruz, Oaxaca.<\/p>\n\n\n\n<p>El viernes, otro grave percance ocurri\u00f3 en inmediaciones de Chahuites, municipio de la zona oriente del Istmo de Tehuantepec, en que un ni\u00f1o de siete a\u00f1os de edad, identificado como Jefferson \u201cN\u201d, muri\u00f3 al ser arrollado.<\/p>\n\n\n\n<p>El percance ocurri\u00f3 en la colonia San Antonio cuando el menos sali\u00f3 corriendo de su casa a la calle, momentos en que fue arrollado por una camioneta.<\/p>\n","protected":false},"excerpt":{"rendered":"<p>Raymundo Morales\/Zona Roja. Oaxaca de Ju\u00e1rez, Oax., a 22 de diciembre de 2024.- En poco&hellip;<\/p>\n","protected":false},"author":2,"featured_media":75735,"comment_status":"closed","ping_status":"open","sticky":false,"template":"","format":"standard","meta":{"_lmt_disableupdate":"","_lmt_disable":"","_jetpack_memberships_contains_paid_content":false,"footnotes":""},"categories":[109,47],"tags":[3416],"class_list":["post-75734","post","type-post","status-publish","format-standard","has-post-thumbnail","hentry","category-minuto-a-minuto","category-zona-gris","tag-accidentes-carreteros-oaxaca"],"jetpack_featured_media_url":"https:\/\/zonaroja.com.mx\/wp-content\/uploads\/2024\/12\/Accidente-carretero-istmo.jpg","jetpack_sharing_enabled":true,"_links":{"self":[{"href":"https:\/\/zonaroja.com.mx\/index.php?rest_route=\/wp\/v2\/posts\/75734","targetHints":{"allow":["GET"]}}],"collection":[{"href":"https:\/\/zonaroja.com.mx\/index.php?rest_route=\/wp\/v2\/posts"}],"about":[{"href":"https:\/\/zonaroja.com.mx\/index.php?rest_route=\/wp\/v2\/types\/post"}],"author":[{"embeddable":true,"href":"https:\/\/zonaroja.com.mx\/index.php?rest_route=\/wp\/v2\/users\/2"}],"replies":[{"embeddable":true,"href":"https:\/\/zonaroja.com.mx\/index.php?rest_route=%2Fwp%2Fv2%2Fcomments&post=75734"}],"version-history":[{"count":1,"href":"https:\/\/zonaroja.com.mx\/index.php?rest_route=\/wp\/v2\/posts\/75734\/revisions"}],"predecessor-version":[{"id":75736,"href":"https:\/\/zonaroja.com.mx\/index.php?rest_route=\/wp\/v2\/posts\/75734\/revisions\/75736"}],"wp:featuredmedia":[{"embeddable":true,"href":"https:\/\/zonaroja.com.mx\/index.php?rest_route=\/wp\/v2\/media\/75735"}],"wp:attachment":[{"href":"https:\/\/zonaroja.com.mx\/index.php?rest_route=%2Fwp%2Fv2%2Fmedia&parent=75734"}],"wp:term":[{"taxonomy":"category","embeddable":true,"href":"https:\/\/zonaroja.com.mx\/index.php?rest_route=%2Fwp%2Fv2%2Fcategories&post=75734"},{"taxonomy":"post_tag","embeddable":true,"href":"https:\/\/zonaroja.com.mx\/index.php?rest_route=%2Fwp%2Fv2%2Ftags&post=75734"}],"curies":[{"name":"wp","href":"https:\/\/api.w.org\/{rel}","templated":true}]}}