{"id":75737,"date":"2024-12-22T08:50:00","date_gmt":"2024-12-22T14:50:00","guid":{"rendered":"https:\/\/zonaroja.com.mx\/?p=75737"},"modified":"2024-12-22T07:20:13","modified_gmt":"2024-12-22T13:20:13","slug":"acusan-enganos-de-la-titular-del-poder-judicial-con-pago-de-prestaciones","status":"publish","type":"post","link":"https:\/\/zonaroja.com.mx\/?p=75737","title":{"rendered":"Acusan enga\u00f1os de la titular del Poder Judicial con pago de prestaciones"},"content":{"rendered":"\n<p>Ismael Garc\u00eda M.\/Zona Roja.<\/p>\n\n\n\n<p>Oaxaca de Ju\u00e1rez, Oax., a 22 de diciembre de 2024.- Trabajadores de confianza del Poder Judicial de Oaxaca acusaron enga\u00f1os por parte de la magistrada Berenice Ram\u00edrez Jim\u00e9nez, por incumplir con los pagos de sus prestaciones de fin de a\u00f1o.<\/p>\n\n\n\n<p>La magistrada presidenta del \u00f3rgano hab\u00eda argumentado insuficiencia presupuestal y que realizaba las gestiones de recursos; se hab\u00eda comprometido a cubrirlos a m\u00e1s tardar ayer s\u00e1bado, lo cual no ocurri\u00f3.<\/p>\n\n\n\n<p>\u201cAl d\u00eda de hoy (21 de diciembre) no se ha depositado cantidad alguna, como lo hace creer en su comunicado.<\/p>\n\n\n\n<p>\u201cSe hace la aclaraci\u00f3n que no son \u2018bonificaciones adicionales\u2019, son derechos adquiridos derivados de nuestro trabajo y esfuerzo, el cual hemos percibido durante a\u00f1os y en diversas administraciones\u201d, precisaron en un comunicado.<\/p>\n\n\n\n<p>Reprocharon que la magistrada Ram\u00edrez Jim\u00e9nez argumente que est\u00e1 haciendo las gestiones para lograr los recursos, cuando ya est\u00e1n presupuestados anualmente: \u201cLas gestiones que realiz\u00f3 fueron para recuperar lo tomado indebidamente por su administraci\u00f3n.<\/p>\n\n\n\n<p>\u201cSeguimos en lucha y no vamos a permitir que se violenten nuestros derechos o que expongan versiones falsas para cubrir sus malos manejos\u201d, precisaron los empleados de confianza.<\/p>\n\n\n\n<p>Fue el pasado martes 17 de diciembre en que los trabajadores protestaron p\u00fablicamente en la sede del Consejo de la Judicatura, en la calle Heroico Colegio Militar, colonia Reforma de la capital, para exigir el pago de las prestaciones pendientes y a la fecha no han tenido respuestas.<\/p>\n","protected":false},"excerpt":{"rendered":"<p>Ismael Garc\u00eda M.\/Zona Roja. Oaxaca de Ju\u00e1rez, Oax., a 22 de diciembre de 2024.- Trabajadores&hellip;<\/p>\n","protected":false},"author":2,"featured_media":75603,"comment_status":"closed","ping_status":"open","sticky":false,"template":"","format":"standard","meta":{"_lmt_disableupdate":"","_lmt_disable":"","_jetpack_memberships_contains_paid_content":false,"footnotes":""},"categories":[109,47],"tags":[3796],"class_list":["post-75737","post","type-post","status-publish","format-standard","has-post-thumbnail","hentry","category-minuto-a-minuto","category-zona-gris","tag-berenice-ramirez-jimenez"],"jetpack_featured_media_url":"https:\/\/zonaroja.com.mx\/wp-content\/uploads\/2024\/12\/Protestas-empleados-confianza-poder-judicial.jpg","jetpack_sharing_enabled":true,"_links":{"self":[{"href":"https:\/\/zonaroja.com.mx\/index.php?rest_route=\/wp\/v2\/posts\/75737","targetHints":{"allow":["GET"]}}],"collection":[{"href":"https:\/\/zonaroja.com.mx\/index.php?rest_route=\/wp\/v2\/posts"}],"about":[{"href":"https:\/\/zonaroja.com.mx\/index.php?rest_route=\/wp\/v2\/types\/post"}],"author":[{"embeddable":true,"href":"https:\/\/zonaroja.com.mx\/index.php?rest_route=\/wp\/v2\/users\/2"}],"replies":[{"embeddable":true,"href":"https:\/\/zonaroja.com.mx\/index.php?rest_route=%2Fwp%2Fv2%2Fcomments&post=75737"}],"version-history":[{"count":1,"href":"https:\/\/zonaroja.com.mx\/index.php?rest_route=\/wp\/v2\/posts\/75737\/revisions"}],"predecessor-version":[{"id":75738,"href":"https:\/\/zonaroja.com.mx\/index.php?rest_route=\/wp\/v2\/posts\/75737\/revisions\/75738"}],"wp:featuredmedia":[{"embeddable":true,"href":"https:\/\/zonaroja.com.mx\/index.php?rest_route=\/wp\/v2\/media\/75603"}],"wp:attachment":[{"href":"https:\/\/zonaroja.com.mx\/index.php?rest_route=%2Fwp%2Fv2%2Fmedia&parent=75737"}],"wp:term":[{"taxonomy":"category","embeddable":true,"href":"https:\/\/zonaroja.com.mx\/index.php?rest_route=%2Fwp%2Fv2%2Fcategories&post=75737"},{"taxonomy":"post_tag","embeddable":true,"href":"https:\/\/zonaroja.com.mx\/index.php?rest_route=%2Fwp%2Fv2%2Ftags&post=75737"}],"curies":[{"name":"wp","href":"https:\/\/api.w.org\/{rel}","templated":true}]}}