{"id":75750,"date":"2024-12-22T17:38:25","date_gmt":"2024-12-22T23:38:25","guid":{"rendered":"https:\/\/zonaroja.com.mx\/?p=75750"},"modified":"2024-12-22T17:38:27","modified_gmt":"2024-12-22T23:38:27","slug":"opinion-joseline-vianey-la-navidad-dejo-de-ser-una-fiesta-desde-que-no-estas","status":"publish","type":"post","link":"https:\/\/zonaroja.com.mx\/?p=75750","title":{"rendered":"Opini\u00f3n. Joseline Vianey, la Navidad dej\u00f3 de ser una fiesta. Desde que no est\u00e1s\u00a0"},"content":{"rendered":"\n<p>Ver\u00f3nica Villalvazo (Frida Guerrera)<\/p>\n\n\n\n<p>Joseline Vianey Vite Res\u00e9ndiz naci\u00f3 el 29 de diciembre de 1994. \u201cLa Beba\u201d, como la llamaban sus pap\u00e1s, ten\u00eda 25 a\u00f1os. La primera hija de Jos\u00e9 Luis y Jacqueline, una hija amorosa, una hermana protectora, y una mam\u00e1 que, se esmeraba por darle lo necesario, a sus dos peque\u00f1os de, seis y cuatro a\u00f1os.&nbsp;<\/p>\n\n\n\n<p>En el a\u00f1o 2010, cuando estudiaba, en el CCH Azcapotzalco, Joseline, conoci\u00f3 a Dylan, con quien, tres a\u00f1os despu\u00e9s, se casar\u00eda.&nbsp;<\/p>\n\n\n\n<p>Su relaci\u00f3n se desarroll\u00f3 en medio de altibajos. Pese a sus problemas, Joseline se esforzaba por salir adelante como pareja.<\/p>\n\n\n\n<p>El d\u00eda 3 de julio del 2019, fue la \u00faltima vez que sus padres la vieron. Dej\u00f3 a los ni\u00f1os a su cuidado para irse a trabajar, m\u00e1s tarde Dylan pas\u00f3 a recogerlos. El d\u00eda cinco, Dylan llam\u00f3 al padre de Joseline, para pedirle que pasara por los ni\u00f1os, pues su mam\u00e1 estaba trabajando; sin embargo, ese d\u00eda ya no los recogi\u00f3.&nbsp;<\/p>\n\n\n\n<p>Ante la ausencia de ambos, el s\u00e1bado seis, la familia de Joseline, intuy\u00f3 que algo estaba mal, por lo que, acudieron a buscarlos a su domicilio: el hermano menor de Jos ingres\u00f3 a la casa, fue quien la encontr\u00f3 sin vida en su rec\u00e1mara. Desde aquel d\u00eda se desconoce el paradero de Dylan.<\/p>\n\n\n\n<p>Hoy, Jos\u00e9 Luis, redacta unas l\u00edneas para su hija, quien siempre ser\u00e1 su peque\u00f1a Jos, a quien a diario recuerda, con la firmeza de seguir, buscando a aquel, que, sin miramientos, asesin\u00f3 a Jos, dej\u00f3 en la orfandad a sus peque\u00f1os, que son los que hacen que, d\u00eda a d\u00eda, Jaqueline se ponga de pie.<\/p>\n\n\n\n<p>Querida Joselin Vianey&nbsp;<\/p>\n\n\n\n<p>Hija: hace ya m\u00e1s de cinco a\u00f1os que te fuiste, y el tiempo sigue pasando en la eternidad, pero en mi mente, y en mi coraz\u00f3n, se detuvo,&nbsp;desde ese momento, en que te vi, ya inerte y sin vida en la morgue.<\/p>\n\n\n\n<p>Cada d\u00eda que pasa, te sigo extra\u00f1ando. Anhelo esos momentos en que llegabas a casa, con una sonrisa p\u00edcara, la cual era porque ya tra\u00edas en mente, o ya hab\u00edas realizado alguna travesura.<\/p>\n\n\n\n<p>Cuando te acostabas junto a m\u00ed, para acariciarme y decirme, papito te quiero mucho, t\u00e1ctica que utilizabas cuando quer\u00edas pedirme algo, cuando te acercabas a m\u00ed para platicarme tus ideas, tus planes, y algunos de tus problemas, cuando quer\u00edas un consejo o ayuda.&nbsp;Porque siempre sabias que.&nbsp;ah\u00ed estaba yo, para alentarte o ayudarte.<\/p>\n\n\n\n<p>Extra\u00f1o tanto, esos momentos de alegr\u00edas, de convivencias y hasta esos momentos de, tristeza ef\u00edmera y moment\u00e1nea, que pasamos que, ya no volver\u00e1n.<\/p>\n\n\n\n<p>Hoy cerca de llegar a una Navidad m\u00e1s y a celebrarte un cumplea\u00f1os m\u00e1s. Ya no existe el \u00e1nimo, ni la alegr\u00eda, pues eso concluy\u00f3, cuando t\u00fa te fuiste.<\/p>\n\n\n\n<p>Pues nosotros, tu familia, tambi\u00e9n morimos, en ese momento; ahora \u00fanicamente se pone un \u00e1rbol en la Navidad, para mantener viva la ilusi\u00f3n de esos dos peque\u00f1os hermosos, que nos dejaste, y se compra un pastel, porque ellos sienten, que s\u00f3lo de esa forma, te veneran y, mantienen vivo tu recuerdo.<\/p>\n\n\n\n<p>Hija: quiero que sepas que, donde quiera que est\u00e9s, te amamos, y te amaremos por toda la eternidad; que siempre vivir\u00e1s en nuestro coraz\u00f3n, y en nuestros recuerdos. Tu mam\u00e1, tus hermanos, tus hijos, y yo.<\/p>\n\n\n\n<p>Que la llama de la luz, el amor, y el recuerdo que nos une, se mantenga siempre encendida. As\u00ed sea.<\/p>\n\n\n\n<p>Llega la noche, el d\u00eda, llueve, haga calor, fr\u00edo, Jos\u00e9 Luis, no deja de buscarlo, porque debe pagar por lo que hizo a toda su familia. Porque todos caen, y Dylan, tendr\u00e1 que rendir cuentas, de lo que realmente sucedi\u00f3, aquel, 3 de julio, en el lugar que, deber\u00eda de ser el m\u00e1s seguro, para todos nosotros.&nbsp;<\/p>\n\n\n\n<p>***************&nbsp;<\/p>\n\n\n\n<p>Eres madre, padre, hermana, hermano, hija, hijo de una mujer v\u00edctima de feminicidio, desaparici\u00f3n, o intento de feminicidio: b\u00fascame, ay\u00fadame a visualizarlas y contar su historia. Voces de la Ausencia.<\/p>\n\n\n\n<p>&nbsp;P.D. Cada uno de los textos expuestos en este espacio, son con autorizaci\u00f3n y acompa\u00f1amiento de las v\u00edctimas. Porque s\u00f3lo somos, la extensi\u00f3n de su grito de justicia.<\/p>\n\n\n\n<p>@FridaGuerrera<\/p>\n\n\n\n<p>@vocesDLAusencia<\/p>\n","protected":false},"excerpt":{"rendered":"<p>Ver\u00f3nica Villalvazo (Frida Guerrera) Joseline Vianey Vite Res\u00e9ndiz naci\u00f3 el 29 de diciembre de 1994.&hellip;<\/p>\n","protected":false},"author":2,"featured_media":69816,"comment_status":"closed","ping_status":"open","sticky":false,"template":"","format":"standard","meta":{"_lmt_disableupdate":"","_lmt_disable":"","_jetpack_memberships_contains_paid_content":false,"footnotes":""},"categories":[456,109],"tags":[1377],"class_list":["post-75750","post","type-post","status-publish","format-standard","has-post-thumbnail","hentry","category-columna","category-minuto-a-minuto","tag-frida-guerrera-villalvazo"],"jetpack_featured_media_url":"https:\/\/zonaroja.com.mx\/wp-content\/uploads\/2024\/06\/Frida-Guerrera-Veronica-Villalvazo.jpg","jetpack_sharing_enabled":true,"_links":{"self":[{"href":"https:\/\/zonaroja.com.mx\/index.php?rest_route=\/wp\/v2\/posts\/75750","targetHints":{"allow":["GET"]}}],"collection":[{"href":"https:\/\/zonaroja.com.mx\/index.php?rest_route=\/wp\/v2\/posts"}],"about":[{"href":"https:\/\/zonaroja.com.mx\/index.php?rest_route=\/wp\/v2\/types\/post"}],"author":[{"embeddable":true,"href":"https:\/\/zonaroja.com.mx\/index.php?rest_route=\/wp\/v2\/users\/2"}],"replies":[{"embeddable":true,"href":"https:\/\/zonaroja.com.mx\/index.php?rest_route=%2Fwp%2Fv2%2Fcomments&post=75750"}],"version-history":[{"count":1,"href":"https:\/\/zonaroja.com.mx\/index.php?rest_route=\/wp\/v2\/posts\/75750\/revisions"}],"predecessor-version":[{"id":75751,"href":"https:\/\/zonaroja.com.mx\/index.php?rest_route=\/wp\/v2\/posts\/75750\/revisions\/75751"}],"wp:featuredmedia":[{"embeddable":true,"href":"https:\/\/zonaroja.com.mx\/index.php?rest_route=\/wp\/v2\/media\/69816"}],"wp:attachment":[{"href":"https:\/\/zonaroja.com.mx\/index.php?rest_route=%2Fwp%2Fv2%2Fmedia&parent=75750"}],"wp:term":[{"taxonomy":"category","embeddable":true,"href":"https:\/\/zonaroja.com.mx\/index.php?rest_route=%2Fwp%2Fv2%2Fcategories&post=75750"},{"taxonomy":"post_tag","embeddable":true,"href":"https:\/\/zonaroja.com.mx\/index.php?rest_route=%2Fwp%2Fv2%2Ftags&post=75750"}],"curies":[{"name":"wp","href":"https:\/\/api.w.org\/{rel}","templated":true}]}}