{"id":75755,"date":"2024-12-23T08:15:00","date_gmt":"2024-12-23T14:15:00","guid":{"rendered":"https:\/\/zonaroja.com.mx\/?p=75755"},"modified":"2024-12-23T06:24:41","modified_gmt":"2024-12-23T12:24:41","slug":"hoy-en-oaxaca-la-tradicional-noche-de-rabanos","status":"publish","type":"post","link":"https:\/\/zonaroja.com.mx\/?p=75755","title":{"rendered":"Hoy en Oaxaca, la tradicional Noche de R\u00e1banos"},"content":{"rendered":"\n<p>Redacci\u00f3n\/Zona Roja.<\/p>\n\n\n\n<p>Oaxaca de Ju\u00e1rez, Oax., a 23 de diciembre de 2024.- Este lunes por la tarde se realiza en la capital de Oaxaca la 127 edici\u00f3n de la Noche de R\u00e1banos.<\/p>\n\n\n\n<p>La festividad est\u00e1 basada en la tradici\u00f3n de hortelanos de los barrios de la ciudad, entre ellos La Trinidad y La Noria, y atrae a miles de visitantes, con la exposici\u00f3n de figuras art\u00edsticas elaboradas con el tub\u00e9rculo, as\u00ed como con totomoxtle y flor inmortal.<\/p>\n\n\n\n<p>La muestra se coloca en el contorno del z\u00f3calo y se puede admirar en el transcurso de la tarde, sin costo alguno; por la noche, el gobierno estatal, en este caso encabezado por el mandatario Salom\u00f3n Jara Cruz, realiza la entrega de premios, tras la evaluaci\u00f3n que entrega el comit\u00e9 respectivo.<\/p>\n\n\n\n<p>Mientras tanto, ayer por la tarde por segundo a\u00f1o consecutivo se llev\u00f3 a cabo el convite de Noche de R\u00e1banos previo a la celebraci\u00f3n de esta tradici\u00f3n centenaria, el cual cautiv\u00f3 y asombr\u00f3 a las y los asistentes con la presencia de carros empujables y aleg\u00f3ricos, adornados con motivos de r\u00e1banos, hojas de totomoxtle y flor inmortal, en conjunto, con mojigangas gigantes.&nbsp;<\/p>\n\n\n\n<p>Al ritmo de alegres melod\u00edas interpretadas por bandas de m\u00fasica tradicional, las y los asistentes que portaron prendas alusivas a la Noche de R\u00e1banos, comenzaron el recorrido desde la fuente de las Ocho Regiones y transitaron por las principales arterias de la ciudad, hasta la Alameda de Le\u00f3n. &nbsp;<\/p>\n\n\n\n<p>Esta magna festividad, encabezada por la secretaria de Turismo del Estado, Saymi Pineda Velasco, apoyada con diversas dependencias de la administraci\u00f3n actual, destac\u00f3 que las actividades planeadas en este mes enaltecen las tradiciones oaxaque\u00f1as, para el disfrute de todas las personas. &nbsp;<\/p>\n\n\n\n<p>Este Convite realza la importancia de la Noche de R\u00e1banos que cada 23 de diciembre expone figuras deslumbrantes realizadas con esta hortaliza, hojas de totomoxtle y flor inmortal; en el z\u00f3calo de la capital oaxaque\u00f1a, a fin de preservar una de las tradiciones m\u00e1s importantes en la temporada decembrina, reconocida a nivel internacional.&nbsp;<\/p>\n\n\n\n<p>A lo largo del recorrido, se apreciaron diversos carros empujables: \u201cEl Horticultor\u201d mostr\u00f3 al p\u00fablico una incre\u00edble escultura del Mictl\u00e1n, (reino de los muertos); mientras que el \u201cAgricultor\u201d ilustr\u00f3 la cosecha de r\u00e1banos en temporada decembrina; y la \u201cMu\u00f1eca de Totomoxtle\u201d represent\u00f3 a la mujer oaxaque\u00f1a con vestimenta de las bailarinas del municipio de Santiago Pinotepa Nacional, as\u00ed como, el \u201cDanzante\u201d de la Danza de la Pluma\u00bb de la regi\u00f3n Valles Centrales.&nbsp;<\/p>\n\n\n\n<p>Cabe mencionar que miles de familias oaxaque\u00f1as, as\u00ed como visitantes nacionales e internacionales abarrotaron las principales calles de la capital oaxaque\u00f1a, en donde disfrutaron y apreciaron el esplendor de cada obra realizada con mucho orgullo, muestra de la creatividad y el talento de las y los oaxaque\u00f1os. \u00a0\u00a0<\/p>\n\n\n\n<figure class=\"wp-block-embed is-type-rich is-provider-twitter wp-block-embed-twitter\"><div class=\"wp-block-embed__wrapper\">\n<div class=\"twitter-tweet\"><blockquote class=\"twitter-tweet\" data-lang=\"es\"><p lang=\"es\" dir=\"ltr\">Por segundo a\u00f1o, llevamos a cabo el Convite de la <a href=\"https:\/\/twitter.com\/hashtag\/NocheDeR%C3%A1banos?src=hash&amp;ref_src=twsrc%5Etfw\">#NocheDeR\u00e1banos<\/a>, en el marco de la edici\u00f3n 127 de esta bella tradici\u00f3n oaxaque\u00f1a, \u00fanica en el mundo, para mostrar la riqueza cultural de nuestro estado.<br><br>Con esta celebraci\u00f3n, rendimos homenaje a las artesanas y artesanos que\u2026 <a href=\"https:\/\/t.co\/E22d87yipW\">pic.twitter.com\/E22d87yipW<\/a><\/p>&mdash; Salom\u00f3n Jara Cruz (@salomonj) <a href=\"https:\/\/twitter.com\/salomonj\/status\/1871022697318170920?ref_src=twsrc%5Etfw\">23 de diciembre de 2024<\/a><\/blockquote><\/div>\n<\/div><\/figure>\n","protected":false},"excerpt":{"rendered":"<p>Redacci\u00f3n\/Zona Roja. Oaxaca de Ju\u00e1rez, Oax., a 23 de diciembre de 2024.- Este lunes por&hellip;<\/p>\n","protected":false},"author":2,"featured_media":75756,"comment_status":"closed","ping_status":"open","sticky":false,"template":"","format":"standard","meta":{"_lmt_disableupdate":"","_lmt_disable":"","_jetpack_memberships_contains_paid_content":false,"footnotes":""},"categories":[109,46],"tags":[2977],"class_list":["post-75755","post","type-post","status-publish","format-standard","has-post-thumbnail","hentry","category-minuto-a-minuto","category-zona-blanca","tag-noche-de-rabanos-oaxaca"],"jetpack_featured_media_url":"https:\/\/zonaroja.com.mx\/wp-content\/uploads\/2024\/12\/Convite-noche-de-rabanos.jpg","jetpack_sharing_enabled":true,"_links":{"self":[{"href":"https:\/\/zonaroja.com.mx\/index.php?rest_route=\/wp\/v2\/posts\/75755","targetHints":{"allow":["GET"]}}],"collection":[{"href":"https:\/\/zonaroja.com.mx\/index.php?rest_route=\/wp\/v2\/posts"}],"about":[{"href":"https:\/\/zonaroja.com.mx\/index.php?rest_route=\/wp\/v2\/types\/post"}],"author":[{"embeddable":true,"href":"https:\/\/zonaroja.com.mx\/index.php?rest_route=\/wp\/v2\/users\/2"}],"replies":[{"embeddable":true,"href":"https:\/\/zonaroja.com.mx\/index.php?rest_route=%2Fwp%2Fv2%2Fcomments&post=75755"}],"version-history":[{"count":1,"href":"https:\/\/zonaroja.com.mx\/index.php?rest_route=\/wp\/v2\/posts\/75755\/revisions"}],"predecessor-version":[{"id":75757,"href":"https:\/\/zonaroja.com.mx\/index.php?rest_route=\/wp\/v2\/posts\/75755\/revisions\/75757"}],"wp:featuredmedia":[{"embeddable":true,"href":"https:\/\/zonaroja.com.mx\/index.php?rest_route=\/wp\/v2\/media\/75756"}],"wp:attachment":[{"href":"https:\/\/zonaroja.com.mx\/index.php?rest_route=%2Fwp%2Fv2%2Fmedia&parent=75755"}],"wp:term":[{"taxonomy":"category","embeddable":true,"href":"https:\/\/zonaroja.com.mx\/index.php?rest_route=%2Fwp%2Fv2%2Fcategories&post=75755"},{"taxonomy":"post_tag","embeddable":true,"href":"https:\/\/zonaroja.com.mx\/index.php?rest_route=%2Fwp%2Fv2%2Ftags&post=75755"}],"curies":[{"name":"wp","href":"https:\/\/api.w.org\/{rel}","templated":true}]}}