{"id":75758,"date":"2024-12-23T07:00:00","date_gmt":"2024-12-23T13:00:00","guid":{"rendered":"https:\/\/zonaroja.com.mx\/?p=75758"},"modified":"2024-12-23T06:55:26","modified_gmt":"2024-12-23T12:55:26","slug":"golpe-a-delincuencia-en-el-istmo-detienen-a-mando-ligado-al-cromo","status":"publish","type":"post","link":"https:\/\/zonaroja.com.mx\/?p=75758","title":{"rendered":"Golpe a delincuencia en el Istmo: detienen a mando ligado al \u201cCromo\u201d"},"content":{"rendered":"\n<p>Raymundo Morales\/Zona Roja.<\/p>\n\n\n\n<p>Oaxaca de Ju\u00e1rez, Oax., a 23 de diciembre de 2024.- Un ex integrante de la Unidad Policial de Operaciones Especiales (UPOE) de la Polic\u00eda Estatal, cercano al comandante \u201cCromo\u201d, fue detenido por fuerzas especiales durante un operativo efectuado en Juchit\u00e1n de Zaragoza.<\/p>\n\n\n\n<p>Mariano G. S. es presuntamente uno de los l\u00edderes del brazo armado del comandante \u201cCromo\u201d y la detenci\u00f3n fue realizada el pasado 21 de este mes, por elementos de la comandancia Regional del Istmo y la comandancia de Alto Impacto, de la Fiscal\u00eda General del Estado de Oaxaca.<\/p>\n\n\n\n<p>Fue frente a las oficinas de la polic\u00eda municipal de Juchit\u00e1n de Zaragoza en que detuvieron a quien identifican con los motes de \u201cLa Chilindrina\u201d o \u201cLa Chili\u201d, quien formaba parte de la UPOE.<\/p>\n\n\n\n<p>De acuerdo con reportes de la autoridad municipal, la detenci\u00f3n la pretend\u00eda frustrar el comisario de la polic\u00eda municipal de Juchit\u00e1n, quien supuestamente &#8211;seg\u00fan diversas denuncias&#8211; est\u00e1 a las \u00f3rdenes del crimen organizado y vinculado con el comandante \u201cCromo\u201d.\u00a0<\/p>\n\n\n\n<p>Con base en registros oficiales, \u201cLa Chilindrina\u201d cuenta con diversas \u00f3rdenes de aprehensi\u00f3n por los delitos de delincuencia organizada, homicidios y secuestros, as\u00ed como el robo de cajeros autom\u00e1ticos y homicidios.<\/p>\n\n\n\n<p>En fechas recientes ingres\u00f3 a un domicilio preguntando si vend\u00edan droga, pero acribill\u00f3 a una persona, seg\u00fan informaci\u00f3n que se desprende de una causa penal, donde tiene un llamamiento judicial en la causa penal 169\/2022.<\/p>\n","protected":false},"excerpt":{"rendered":"<p>Raymundo Morales\/Zona Roja. Oaxaca de Ju\u00e1rez, Oax., a 23 de diciembre de 2024.- Un ex&hellip;<\/p>\n","protected":false},"author":2,"featured_media":75761,"comment_status":"closed","ping_status":"open","sticky":false,"template":"","format":"standard","meta":{"_lmt_disableupdate":"","_lmt_disable":"","_jetpack_memberships_contains_paid_content":false,"footnotes":""},"categories":[109,46],"tags":[494],"class_list":["post-75758","post","type-post","status-publish","format-standard","has-post-thumbnail","hentry","category-minuto-a-minuto","category-zona-blanca","tag-fiscalia-general-del-estado-de-oaxaca"],"jetpack_featured_media_url":"https:\/\/zonaroja.com.mx\/wp-content\/uploads\/2024\/12\/Mariano-G-S-La-Chilindrina-Juchitan-1.jpg","jetpack_sharing_enabled":true,"_links":{"self":[{"href":"https:\/\/zonaroja.com.mx\/index.php?rest_route=\/wp\/v2\/posts\/75758","targetHints":{"allow":["GET"]}}],"collection":[{"href":"https:\/\/zonaroja.com.mx\/index.php?rest_route=\/wp\/v2\/posts"}],"about":[{"href":"https:\/\/zonaroja.com.mx\/index.php?rest_route=\/wp\/v2\/types\/post"}],"author":[{"embeddable":true,"href":"https:\/\/zonaroja.com.mx\/index.php?rest_route=\/wp\/v2\/users\/2"}],"replies":[{"embeddable":true,"href":"https:\/\/zonaroja.com.mx\/index.php?rest_route=%2Fwp%2Fv2%2Fcomments&post=75758"}],"version-history":[{"count":1,"href":"https:\/\/zonaroja.com.mx\/index.php?rest_route=\/wp\/v2\/posts\/75758\/revisions"}],"predecessor-version":[{"id":75760,"href":"https:\/\/zonaroja.com.mx\/index.php?rest_route=\/wp\/v2\/posts\/75758\/revisions\/75760"}],"wp:featuredmedia":[{"embeddable":true,"href":"https:\/\/zonaroja.com.mx\/index.php?rest_route=\/wp\/v2\/media\/75761"}],"wp:attachment":[{"href":"https:\/\/zonaroja.com.mx\/index.php?rest_route=%2Fwp%2Fv2%2Fmedia&parent=75758"}],"wp:term":[{"taxonomy":"category","embeddable":true,"href":"https:\/\/zonaroja.com.mx\/index.php?rest_route=%2Fwp%2Fv2%2Fcategories&post=75758"},{"taxonomy":"post_tag","embeddable":true,"href":"https:\/\/zonaroja.com.mx\/index.php?rest_route=%2Fwp%2Fv2%2Ftags&post=75758"}],"curies":[{"name":"wp","href":"https:\/\/api.w.org\/{rel}","templated":true}]}}