{"id":75764,"date":"2024-12-23T12:30:00","date_gmt":"2024-12-23T18:30:00","guid":{"rendered":"https:\/\/zonaroja.com.mx\/?p=75764"},"modified":"2024-12-23T07:58:38","modified_gmt":"2024-12-23T13:58:38","slug":"dice-trump-que-declarara-como-terroristas-a-los-carteles-para-perseguirlos","status":"publish","type":"post","link":"https:\/\/zonaroja.com.mx\/?p=75764","title":{"rendered":"Dice Trump que declarar\u00e1 como terroristas a los c\u00e1rteles, para perseguirlos\u00a0"},"content":{"rendered":"\n<p>Redacci\u00f3n\/Zona Roja Cdmx.<\/p>\n\n\n\n<p>Ciudad de M\u00e9xico, a 23 de diciembre de 2024.- El presidente electo de Estados Unidos, Donald Trump, afirm\u00f3 que declarar\u00e1 a los c\u00e1rteles del narcotr\u00e1fico como organizaciones terroristas extranjeras cuando asuma el poder el pr\u00f3ximo 20 de enero.<\/p>\n\n\n\n<p>\u201cTodos los miembros de pandillas extranjeras ser\u00e1n expulsados y designar\u00e9 inmediatamente a los carteles como organizaciones terroristas extranjeras. Lo har\u00e9 de inmediato\u201d, declar\u00f3 durante un foro de la organizaci\u00f3n ultraconservadora Turning Point en Phoenix (Arizona).<\/p>\n\n\n\n<p>El republicano, que ya gobern\u00f3 el pa\u00eds entre 2017 y 2021, volvi\u00f3 a acusar a otros pa\u00edses de enviar a Estados Unidos a sus \u201cnarcotraficantes\u201d y afirm\u00f3 que \u201ctoda esta red criminal que opera en suelo estadounidense ser\u00e1 desmantelada, deportada y destruida\u201d.<\/p>\n\n\n\n<p>Trump hizo estas declaraciones tras comentar el caso de Aurora, una ciudad de Colorado donde, seg\u00fan el mandatario electo, hay presencia de miembros de la banda trasnacional de origen venezolano Tren de Aragua.<\/p>\n\n\n\n<p>Adem\u00e1s, el ala dura del Partido Republicano pide desde hace tiempo considerar a los narcotraficantes como terroristas e intervenir militarmente en territorio mexicano para combatirlos, una l\u00ednea roja para el Gobierno de M\u00e9xico, que advierte que defender\u00e1 su soberan\u00eda.<\/p>\n\n\n\n<p>Durante su discurso, Trump dijo que la presidenta mexicana, Claudia Sheinbaum, es una \u201cmujer encantadora\u201d pero insisti\u00f3 en que M\u00e9xico debe frenar el tr\u00e1fico de drogas en la frontera.<\/p>\n\n\n\n<p>\u201cFui muy duro con M\u00e9xico. Habl\u00e9 con la nueva presidenta, una mujer que fue encantadora y maravillosa, la presidenta Sheinbaum, una mujer maravillosa, pero le dije: \u2018No pueden hacerle esto a nuestro pa\u00eds&#8217;\u201d, declar\u00f3.<\/p>\n\n\n\n<p>El republicano se refer\u00eda a la llamada que tuvo en noviembre con Sheinbaum despu\u00e9s de haber amenazado con aranceles del 25 por ciento a M\u00e9xico y a Canad\u00e1 si sus gobiernos no frenan la llegada de migrantes y drogas a Estados Unidos.<\/p>\n\n\n\n<p>Trump se\u00f1al\u00f3 que miles de personas mueren cada a\u00f1o por sobredosis de drogas, especialmente por fentanilo, y subray\u00f3: \u201cHe informado a M\u00e9xico que esto no puede continuar\u201d.<\/p>\n\n\n\n<p>\u201cLas familias est\u00e1n siendo destruidas y vamos a detenerlo. No vamos a permitir que eso suceda\u201d, apunt\u00f3 Trump, quien anunci\u00f3 que su Gobierno lanzar\u00e1 grandes campa\u00f1as publicitarias para advertir a los ciudadanos sobre el peligro del consumo de estupefacientes.<\/p>\n\n\n\n<p>M\u00e9xico suele insistir en que Estados Unidos debe atender la demanda interna de drogas como un problema de salud p\u00fablica en lugar de enfocarse solo en el tr\u00e1fico en la frontera.<\/p>\n\n\n\n<p>(Con informaci\u00f3n de EFE, en L\u00f3pez-D\u00f3riga Digital)<\/p>\n","protected":false},"excerpt":{"rendered":"<p>Redacci\u00f3n\/Zona Roja Cdmx. Ciudad de M\u00e9xico, a 23 de diciembre de 2024.- El presidente electo&hellip;<\/p>\n","protected":false},"author":2,"featured_media":68912,"comment_status":"closed","ping_status":"open","sticky":false,"template":"","format":"standard","meta":{"_lmt_disableupdate":"","_lmt_disable":"","_jetpack_memberships_contains_paid_content":false,"footnotes":""},"categories":[109,47],"tags":[1060],"class_list":["post-75764","post","type-post","status-publish","format-standard","has-post-thumbnail","hentry","category-minuto-a-minuto","category-zona-gris","tag-donald-trump"],"jetpack_featured_media_url":"https:\/\/zonaroja.com.mx\/wp-content\/uploads\/2024\/05\/Donald-Trump.jpeg","jetpack_sharing_enabled":true,"_links":{"self":[{"href":"https:\/\/zonaroja.com.mx\/index.php?rest_route=\/wp\/v2\/posts\/75764","targetHints":{"allow":["GET"]}}],"collection":[{"href":"https:\/\/zonaroja.com.mx\/index.php?rest_route=\/wp\/v2\/posts"}],"about":[{"href":"https:\/\/zonaroja.com.mx\/index.php?rest_route=\/wp\/v2\/types\/post"}],"author":[{"embeddable":true,"href":"https:\/\/zonaroja.com.mx\/index.php?rest_route=\/wp\/v2\/users\/2"}],"replies":[{"embeddable":true,"href":"https:\/\/zonaroja.com.mx\/index.php?rest_route=%2Fwp%2Fv2%2Fcomments&post=75764"}],"version-history":[{"count":1,"href":"https:\/\/zonaroja.com.mx\/index.php?rest_route=\/wp\/v2\/posts\/75764\/revisions"}],"predecessor-version":[{"id":75765,"href":"https:\/\/zonaroja.com.mx\/index.php?rest_route=\/wp\/v2\/posts\/75764\/revisions\/75765"}],"wp:featuredmedia":[{"embeddable":true,"href":"https:\/\/zonaroja.com.mx\/index.php?rest_route=\/wp\/v2\/media\/68912"}],"wp:attachment":[{"href":"https:\/\/zonaroja.com.mx\/index.php?rest_route=%2Fwp%2Fv2%2Fmedia&parent=75764"}],"wp:term":[{"taxonomy":"category","embeddable":true,"href":"https:\/\/zonaroja.com.mx\/index.php?rest_route=%2Fwp%2Fv2%2Fcategories&post=75764"},{"taxonomy":"post_tag","embeddable":true,"href":"https:\/\/zonaroja.com.mx\/index.php?rest_route=%2Fwp%2Fv2%2Ftags&post=75764"}],"curies":[{"name":"wp","href":"https:\/\/api.w.org\/{rel}","templated":true}]}}