{"id":75766,"date":"2024-12-23T13:08:00","date_gmt":"2024-12-23T19:08:00","guid":{"rendered":"https:\/\/zonaroja.com.mx\/?p=75766"},"modified":"2024-12-23T08:15:04","modified_gmt":"2024-12-23T14:15:04","slug":"patrimonio-en-riesgo-por-construccion-de-estadio-de-beisbol-eduardo-vasconcelos","status":"publish","type":"post","link":"https:\/\/zonaroja.com.mx\/?p=75766","title":{"rendered":"Patrimonio en riesgo, por construcci\u00f3n de estadio de b\u00e9isbol \u201cEduardo Vasconcelos\u201d\u00a0"},"content":{"rendered":"\n<p>Redacci\u00f3n\/Estado 20.<\/p>\n\n\n\n<p>Oaxaca de Ju\u00e1rez, Oax., a 23 de diciembre de 2024.- El Colegio Acad\u00e9mico de Profesionales en Arquitectura del Estado (CAPCEO) y el director de la Facultad de Arquitectura de la Universidad Aut\u00f3noma \u201cBenito Ju\u00e1rez\u201d de Oaxaca (UABJO), Javier Mart\u00ednez Mar\u00edn, se pronunciaron en contra del proyecto de demolici\u00f3n y construcci\u00f3n de un nuevo estadio para el equipo de b\u00e9isbol de los Guerreros, propiedad del empresario Alfredo Harp Hel\u00fa, por atentar contra el patrimonio cultural de la entidad.<\/p>\n\n\n\n<p>Mart\u00ednez Mar\u00edn, a trav\u00e9s de un escrito dirigido al rector de la UABJO, Cristian Eder Carre\u00f1o L\u00f3pez, afirm\u00f3 que la demolici\u00f3n del estadio y la construcci\u00f3n de uno nuevo no s\u00f3lo elimina un edificio de valor art\u00edstico (Art Dec\u00f3) declarado como parte de la historia de la arquitectura Oaxaque\u00f1a y del patrimonio moderno del pa\u00eds, sino que, descaradamente toma el predio lateral, ampliando por completo el \u00e1rea de una edificaci\u00f3n cuya funci\u00f3n en poco contribuye a la academia, a la investigaci\u00f3n y a la cultura que son los fundamentos de la M\u00e1xima Casa de Estudios de un Estado.<\/p>\n\n\n\n<p>El proyecto del nuevo estadio, denunci\u00f3, se trata un multimillonario edificio que est\u00e1 m\u00e1s relacionado al negocio, al turismo, a la afici\u00f3n de una persona, que a tres mil docentes y veintitr\u00e9s mil estudiantes.<\/p>\n\n\n\n<p>\u201cEl problema en estos momentos ya no es s\u00f3lo la toma de un patrimonio universitario por cinco d\u00e9cadas, la destrucci\u00f3n total de un edificio de valor art\u00edstico, la protecci\u00f3n de quien entreg\u00f3 dicho patrimonio, sino el hecho de que se tomar\u00e1 por completo uno de los \u00faltimos predios que la Universidad\u201d.<\/p>\n\n\n\n<p>Este terreno, dijo, puede ser utilizado para construir un edificio donde se formen nuevos profesionistas donde se realicen investigaciones a favor de la sociedad, donde se fomente el arte y la cultura todos los d\u00edas del a\u00f1o y no s\u00f3lo por temporadas.<\/p>\n\n\n\n<p>\u201cHoy se construir\u00e1 un edificio en toda la manzana, se pondr\u00e1 al servicio no del deporte sino del espect\u00e1culo comercial, hoy ha iniciado otro triste cap\u00edtulo en la M\u00e1xima Casa de Estudios de los oaxaque\u00f1os, esa que varios declaran hip\u00f3critamente amar y agradecer, pero que en los hechos insultan\u201d.<\/p>\n\n\n\n<p>El directivo universitario conden\u00f3 que el silencio y ensimismamiento \u201cnos har\u00e1n c\u00f3mplices e indignos herederos de grandes universitarios\u201d.<\/p>\n\n\n\n<p>Mart\u00ednez Mar\u00edn se\u00f1al\u00f3 que si no se tiene la capacidad jur\u00eddica, pol\u00edtica, financiera y moral para ampararse ante lo que est\u00e1 sucediendo, si no se est\u00e1 obteniendo otros edificios o predios que indemnicen este despojo abusivo, al menos se tenga la decencia de presentar el proyecto a la m\u00e1xima autoridad universitaria.<\/p>\n\n\n\n<p>Lo anterior, \u201cpara que cada uno pase a la historia de la Universidad como un defensor o como un cobarde que no cuestion\u00f3, ni enfrent\u00f3 2este pedante proyecto, que aunque promete en cincuenta a\u00f1os ser entregado a la universidad (si es que sucede) poco en verdad le servir\u00e1 a la esencia universitaria que es la academia, la investigaci\u00f3n y la cultura tener un elefante blanco que rentar para la venta de gorras, papas y cerveza de un sector de la poblaci\u00f3n que al parecer poco le importa la formaci\u00f3n de las futuras generaciones como profesionistas, como m\u00e9dicos, contadores, abogados, arquitectos como universitarios, como contribuidores de su sociedad\u201d.<\/p>\n\n\n\n<figure class=\"wp-block-image size-full\"><img decoding=\"async\" width=\"900\" height=\"727\" src=\"https:\/\/zonaroja.com.mx\/wp-content\/uploads\/2024\/12\/nuevo-estadio-de-beisbol-Oaxaca.jpg.webp\" alt=\"\" class=\"wp-image-75768\" srcset=\"https:\/\/zonaroja.com.mx\/wp-content\/uploads\/2024\/12\/nuevo-estadio-de-beisbol-Oaxaca.jpg.webp 900w, https:\/\/zonaroja.com.mx\/wp-content\/uploads\/2024\/12\/nuevo-estadio-de-beisbol-Oaxaca.jpg-300x242.webp 300w, https:\/\/zonaroja.com.mx\/wp-content\/uploads\/2024\/12\/nuevo-estadio-de-beisbol-Oaxaca.jpg-768x620.webp 768w, https:\/\/zonaroja.com.mx\/wp-content\/uploads\/2024\/12\/nuevo-estadio-de-beisbol-Oaxaca.jpg-585x473.webp 585w\" sizes=\"(max-width: 900px) 100vw, 900px\" \/><\/figure>\n\n\n\n<p>PIDEN INFORMACI\u00d3N<\/p>\n\n\n\n<p>El CAPCEO, por su parte, solicit\u00f3 que, en un plazo no mayor de cinco d\u00edas h\u00e1biles, el Rector de la Universidad \u201cBenito Ju\u00e1rez\u201d de Oaxaca, la Fundaci\u00f3n Alfredo Harp Hel\u00fa, la Secretaria de Desarrollo Urbano Municipal y la Direcci\u00f3n de planeaci\u00f3n urbana del gobierno del estado, instalen una mesa de concertaci\u00f3n, atenci\u00f3n y soluci\u00f3n a sus demandas invitando al INBAL a que se sume para defender este edificio icono de la ciudad.<\/p>\n\n\n\n<p>Tambi\u00e9n demand\u00f3 que la mesa de concertaci\u00f3n, atenci\u00f3n y soluci\u00f3n sea amplia entre la representaci\u00f3n de las organizaciones art\u00edsticas, culturales y arquitect\u00f3nicas de la ciudad de Oaxaca de Ju\u00e1rez.<\/p>\n\n\n\n<p>\u201cPor lo anterior exhortamos a la Fundaci\u00f3n a que haga autocr\u00edtica del proyecto en cuesti\u00f3n y descubra las implicaciones negativas que \u00e9ste tiene en relaci\u00f3n con el funcionamiento de las cuestiones urbanas e identitarias de Oaxaca.<\/p>\n\n\n\n<p>\u201cEstamos absolutamente dispuestos a dialogar con nuestras autoridades. El inter\u00e9s que nos motiva es el de mantener y preservar los valores culturales y la defensa de sus aportaciones patrimoniales a la riqueza art\u00edstica y arquitect\u00f3nica de nuestra naci\u00f3n\u201d.<\/p>\n\n\n\n<p>De acuerdo con el CAPCEO, el estadio \u201cEduardo Vasconcelos\u201d es una de las piezas arquitect\u00f3nicas iconogr\u00e1ficas y referencia obligada de una \u00e9poca, no s\u00f3lo en este estado de la Rep\u00fablica, sino en todo el pa\u00eds, la corriente art\u00edstica moderna y la denominada \u201cArt Dec\u00f3\u201d, de la cual forma parte este edificio emblem\u00e1tico.<\/p>\n\n\n\n<p>A pesar de ello, denunci\u00f3 que en los \u00faltimos treinta a\u00f1os, de manera inexplicable y como una decisi\u00f3n unilateral, se han venido realizando modificaciones a la fachada y a la estructura que desvirt\u00faan el dise\u00f1o original y rompen con la percepci\u00f3n arm\u00f3nica del espacio que ocupa.<\/p>\n\n\n\n<p>\u201cEs por ello que, ante la actitud de ignorar nuestras peticiones que documentadamente en tiempo y forma hemos hecho saber a diversas autoridades y que esta se suma a la queja presentada hace unos d\u00edas por la Facultad de Arquitectura 5 de mayo de la UABJO\u201d.<\/p>\n\n\n\n<p>DISCRECIONALIDAD<\/p>\n\n\n\n<p>Especialistas, miembros de colegios de profesionistas y asociaciones, advirtieron la probable discrecionalidad en la forma en que se han iniciado los trabajos de demolici\u00f3n y construcci\u00f3n del nuevo estadio de b\u00e9isbol de los Guerreros de Oaxaca, propiedad del empresario Alfredo Harp Hel\u00fa.<\/p>\n\n\n\n<p>Lo anterior, explicaron, porque no hay transparencia ni claridad si se ha cumplido o no con los requisitos para poder iniciar con los trabajos de construcci\u00f3n del nuevo estadio de b\u00e9isbol.<\/p>\n\n\n\n<p>Por ejemplo, mencionaron el art\u00edculo 40 de Ley Federal de Monumentos y Zonas Arqueol\u00f3gicos, Art\u00edsticos e Hist\u00f3ricos y del Reglamento de Construcci\u00f3n y Seguridad Estructural para el Estado de Oaxaca, en el que se establece que \u201cen los casos de inmuebles clasificados y catalogados, por el Ayuntamiento, la Secretar\u00eda, Instituto Nacional de Bellas Artes y\/o el Instituto Nacional de Antropolog\u00eda e Historia, como parte del patrimonio cultural de la ciudad de Oaxaca de Ju\u00e1rez y dem\u00e1s municipios, se requerir\u00e1 de autorizaci\u00f3n expresa de las autoridades federales y\/o estatales competentes\u201d.<\/p>\n\n\n\n<p>De igual manera, se\u00f1alaron que el proyecto del nuevo estadio presentado en noviembre de 2024 no ha sido analizado y dictaminado con especialistas en la materia que esclarezcan el impacto urbano y ambiental que podr\u00eda generar debido a las dimensiones, caracter\u00edsticas y peculiaridades del mismo.<\/p>\n\n\n\n<p>Esto, porque se pretende llevar a cabo una serie de acciones de entre las que destacan clausurar vialidades y la peatonalizaci\u00f3n de las mismas sin tener una visi\u00f3n integral y equitativa urbana de espacios compartidos, eliminar ejemplares vegetales contempor\u00e1neos al estadio, tener mayor cantidad de superficies impermeables de concreto que \u00e1reas verdes y eliminar un edificio hist\u00f3rico patrimonial para crear una explanada.<\/p>\n\n\n\n<p>Por otra parte, dentro de los aspectos legales y normativos que no han sido esclarecidos con la obra, y de acuerdo a las acciones realizadas con los trabajos ya en marcha a un costado del estadio.<\/p>\n\n\n\n<figure class=\"wp-block-image size-full\"><img decoding=\"async\" width=\"800\" height=\"428\" src=\"https:\/\/zonaroja.com.mx\/wp-content\/uploads\/2024\/12\/Estadio-antiguo-eduardo-Vasconcelos.jpg\" alt=\"\" class=\"wp-image-75769\" srcset=\"https:\/\/zonaroja.com.mx\/wp-content\/uploads\/2024\/12\/Estadio-antiguo-eduardo-Vasconcelos.jpg 800w, https:\/\/zonaroja.com.mx\/wp-content\/uploads\/2024\/12\/Estadio-antiguo-eduardo-Vasconcelos-300x161.jpg 300w, https:\/\/zonaroja.com.mx\/wp-content\/uploads\/2024\/12\/Estadio-antiguo-eduardo-Vasconcelos-768x411.jpg 768w, https:\/\/zonaroja.com.mx\/wp-content\/uploads\/2024\/12\/Estadio-antiguo-eduardo-Vasconcelos-585x313.jpg 585w\" sizes=\"(max-width: 800px) 100vw, 800px\" \/><\/figure>\n\n\n\n<p>\u201cEl comienzo de los mismos supone una irregularidad de los aspectos normativos y requisitos b\u00e1sicos para el inicio de la obra, as\u00ed como la documentaci\u00f3n e involucramiento de los corresponsables de la supervisi\u00f3n; sin embargo estas obligaciones no han sido mencionadas por lo que la obra se encontrar\u00eda fuera de norma operando al margen de la ley y con el consentimiento de los entes gubernamentales que deber\u00edan regular y sancionar este tipo de acciones y no ocultarlas, acrecentando la gravedad de la situaci\u00f3n\u201d.<\/p>\n\n\n\n<p>El Comit\u00e9 de Especialistas que advierte sobre estas irregularidades est\u00e1 integrado por Enrique Calvo D\u00edaz, presidente del Colegio Acad\u00e9mico de Profesionistas en Arquitectura del Estado de Oaxaca (CAPCEO); Farid Ruiz Calvo, presidente del Colegio Libre e Independiente de Arquitectos de Oaxaca; Marco Antonio Aguirre Pliego, secretario de Cultura del CAPCEO; Ra\u00fal Alejandro Mena Gallegos, arquitecto perito de la secci\u00f3n de Monumentos Hist\u00f3ricos del Instituto Nacional de Antropolog\u00eda e Historia (INAH).<\/p>\n\n\n\n<p>As\u00ed como Gerardo Jos\u00e9 Corres Tenorio, asesor de la Secretaria de Am\u00e9rica Latina de la Organizaci\u00f3n de Ciudades Patrimonio Mundial y miembro del Centro Hist\u00f3rico de la ciudad de Oaxaca; Josu\u00e9 Nathan Mart\u00ednez G\u00f3mez, investigador y catedr\u00e1tico miembro del CAPCEO; Gerardo Corres Zenteno, Diplomado C\u00e1tedra UNESCO; Fabricio L\u00e1zaro Villaverde, miembro del DOCOMOMO M\u00e9xico; Edith Cota Castillejos, vicepresidenta del CAPCEO; y Rufo Ca\u00edn L\u00f3pez Hern\u00e1ndez, presidente del Colegio de Urbanistas de Oaxaca.<\/p>\n\n\n\n<p>SIN PERMISOS<\/p>\n\n\n\n<p>Los especialistas tambi\u00e9n mencionaron otros requisitos como las constancias de alineamiento, uso de suelos, licencias, permisos y autorizaciones.<\/p>\n\n\n\n<p>De no contar con estos requerimientos y ya iniciados los trabajos sin documentaci\u00f3n en regla, advirtieron, se dar\u00e1 evidencia de la discrecionalidad con la que se manejan las obras en el territorio de Oaxaca, de la falta de equidad para todos los ciudadanos e involucrados en la rama de la construcci\u00f3n, as\u00ed como la irresponsabilidad por parte del Gobierno Municipal.<\/p>\n\n\n\n<p>Sobre el gobierno municipal, agregaron, est\u00e1 a punto de concluir y heredar\u00e1 un serio problema al siguiente mandato teniendo como aspectos graves la p\u00e9rdida de un inmueble emblem\u00e1tico de la ciudad y los serios problemas urbanos que se generar\u00e1n por la falta de estudios profesionales de impacto urbano, impacto medioambiental, impacto vial de protecci\u00f3n civil entre otros.<\/p>\n\n\n\n<p>Sostuvieron que el valor patrimonial y art\u00edstico del Parque de B\u00e9isbol Vasconcelos y de su autor, se respalda y constata a trav\u00e9s de material y testimonio gr\u00e1fico e historiogr\u00e1fico, as\u00ed como las carencias, faltas y repercusiones del nuevo proyecto en materia patrimonial con la eliminaci\u00f3n del inmueble art\u00edstico y la problem\u00e1tica urbana que supondr\u00eda la construcci\u00f3n de un nuevo estadio con esas dimensiones en la zona.<\/p>\n\n\n\n<p>Los especialistas hicieron un llamado urgente a la sociedad civil, vecinos y ciudadanos para unirse en la protecci\u00f3n de nuestro patrimonio arquitect\u00f3nico del movimiento moderno evitando la demolici\u00f3n del Parque de Beisbol \u201cEduardo Vasconcelos\u201d patrimonio art\u00edstico de la naci\u00f3n.<\/p>\n\n\n\n<p>\u201cYa que la p\u00e9rdida de esta manifestaci\u00f3n cultural parte nuestra historia, podr\u00eda traer serias consecuencias, repercusiones y alteraciones a la integridad de nuestra identidad oaxaque\u00f1a que va m\u00e1s all\u00e1 de lo prehisp\u00e1nico y virreinal. As\u00ed como las consecuencias de la creaci\u00f3n de un nuevo inmueble con las caracter\u00edsticas propuestas en la zona en la que se pretende construir, saturando el contexto inmediato y generando un impacto negativo en materia de movilidad, patrimonio medioambiental, cultural y urbano\u201d.<\/p>\n\n\n\n<p>Tambi\u00e9n exigieron a las autoridades competentes atender este caso y deslindar responsabilidades a los involucrados como la Universidad Aut\u00f3noma \u201cBenito Ju\u00e1rez\u201d de Oaxaca (UABJO) y la Fundaci\u00f3n Alfredo Harp Hel\u00fa, sobre las repercusiones que supondr\u00eda la p\u00e9rdida de este inmueble, as\u00ed como la regularidad con la que se efect\u00faan los trabajos.<\/p>\n\n\n\n<p>Actualmente, este inmueble es patrimonio arquitect\u00f3nico cultural de Oaxaca y bien material de la UABJO cedido en comodato a la Fundaci\u00f3n Alfredo Harp Hel\u00fa desde los a\u00f1os noventa.<\/p>\n\n\n\n<p>Por sus caracter\u00edsticas arquitect\u00f3nicas y \u00e9poca de construcci\u00f3n, est\u00e1 incluido en la Relaci\u00f3n y Clasificaci\u00f3n del Instituto Nacional de Bellas Artes y Literatura (INBAL) referente a Inmuebles con Valor Art\u00edstico, de acuerdo a lo establecido por la Direcci\u00f3n de Arquitectura y Conservaci\u00f3n del Patrimonio Art\u00edstico Inmueble de dicha dependencia.<\/p>\n\n\n\n<p>En un requerimiento de atenci\u00f3n a la realizaci\u00f3n de intervenciones anteriores dentro del inmueble, que se hiciera en el a\u00f1o 2015 al entonces rector de la UABJO, Eduardo Mart\u00ednez Helmes, qued\u00f3 puntualizado que el parque es una obra arquitect\u00f3nica con caracter\u00edsticas est\u00e9ticas e hist\u00f3ricas relevantes y de inter\u00e9s para su conservaci\u00f3n por parte del INBAL como instancia encargada del registro, catalogaci\u00f3n, investigaci\u00f3n, protecci\u00f3n y conservaci\u00f3n del patrimonio arquitect\u00f3nico del siglo XX.<\/p>\n\n\n\n<p>(Informaci\u00f3n de Juan Carlos Zavala)<\/p>\n","protected":false},"excerpt":{"rendered":"<p>Redacci\u00f3n\/Estado 20. Oaxaca de Ju\u00e1rez, Oax., a 23 de diciembre de 2024.- El Colegio Acad\u00e9mico&hellip;<\/p>\n","protected":false},"author":2,"featured_media":75767,"comment_status":"closed","ping_status":"open","sticky":false,"template":"","format":"standard","meta":{"_lmt_disableupdate":"","_lmt_disable":"","_jetpack_memberships_contains_paid_content":false,"footnotes":""},"categories":[109,47],"tags":[4141,693],"class_list":["post-75766","post","type-post","status-publish","format-standard","has-post-thumbnail","hentry","category-minuto-a-minuto","category-zona-gris","tag-estadio-de-beisbol-eduardo-vasconcelos","tag-fundacion-alfredo-harp-helu"],"jetpack_featured_media_url":"https:\/\/zonaroja.com.mx\/wp-content\/uploads\/2024\/12\/Estadio-de-beisbol-Eduardo-Vasconcelos.jpg","jetpack_sharing_enabled":true,"_links":{"self":[{"href":"https:\/\/zonaroja.com.mx\/index.php?rest_route=\/wp\/v2\/posts\/75766","targetHints":{"allow":["GET"]}}],"collection":[{"href":"https:\/\/zonaroja.com.mx\/index.php?rest_route=\/wp\/v2\/posts"}],"about":[{"href":"https:\/\/zonaroja.com.mx\/index.php?rest_route=\/wp\/v2\/types\/post"}],"author":[{"embeddable":true,"href":"https:\/\/zonaroja.com.mx\/index.php?rest_route=\/wp\/v2\/users\/2"}],"replies":[{"embeddable":true,"href":"https:\/\/zonaroja.com.mx\/index.php?rest_route=%2Fwp%2Fv2%2Fcomments&post=75766"}],"version-history":[{"count":1,"href":"https:\/\/zonaroja.com.mx\/index.php?rest_route=\/wp\/v2\/posts\/75766\/revisions"}],"predecessor-version":[{"id":75770,"href":"https:\/\/zonaroja.com.mx\/index.php?rest_route=\/wp\/v2\/posts\/75766\/revisions\/75770"}],"wp:featuredmedia":[{"embeddable":true,"href":"https:\/\/zonaroja.com.mx\/index.php?rest_route=\/wp\/v2\/media\/75767"}],"wp:attachment":[{"href":"https:\/\/zonaroja.com.mx\/index.php?rest_route=%2Fwp%2Fv2%2Fmedia&parent=75766"}],"wp:term":[{"taxonomy":"category","embeddable":true,"href":"https:\/\/zonaroja.com.mx\/index.php?rest_route=%2Fwp%2Fv2%2Fcategories&post=75766"},{"taxonomy":"post_tag","embeddable":true,"href":"https:\/\/zonaroja.com.mx\/index.php?rest_route=%2Fwp%2Fv2%2Ftags&post=75766"}],"curies":[{"name":"wp","href":"https:\/\/api.w.org\/{rel}","templated":true}]}}