{"id":75771,"date":"2024-12-23T13:15:00","date_gmt":"2024-12-23T19:15:00","guid":{"rendered":"https:\/\/zonaroja.com.mx\/?p=75771"},"modified":"2024-12-23T08:19:06","modified_gmt":"2024-12-23T14:19:06","slug":"suman-105-muertos-en-nigeria-por-estampidas-en-reparto-de-alimentos","status":"publish","type":"post","link":"https:\/\/zonaroja.com.mx\/?p=75771","title":{"rendered":"Suman 105 muertos en Nigeria por estampidas en reparto de alimentos"},"content":{"rendered":"\n<p>Redacci\u00f3n\/Zona Roja Cdmx.<\/p>\n\n\n\n<p>Ciudad de M\u00e9xico, a 23 de diciembre de 2024.- El \u00faltimo balance oficial registr\u00f3 a 105 el n\u00famero de personas fallecidas en estampidas durante el reparto de comida en Nigeria la semana pasada, despu\u00e9s de un repunte de estos incidentes con al menos tres sucesos mortales.<\/p>\n\n\n\n<p>\u201cEstos tr\u00e1gicos acontecimientos son una verg\u00fcenza nacional\u201d, afirm\u00f3 el abogado de derechos humanos Femi Falana, quien atribuy\u00f3 los decesos a la \u201cnegligencia criminal y a la pobreza provocada por las pol\u00edticas econ\u00f3micas neoliberales\u201d.<\/p>\n\n\n\n<p>Falana, presidente de la Alianza de Supervivientes de covid-19 y M\u00e1s, exigi\u00f3 que se haga justicia para las v\u00edctimas. \u201cNo son s\u00f3lo n\u00fameros, sino seres humanos desesperados por la pobreza sist\u00e9mica y la flagrante incompetencia de quienes deber\u00edan velar por su seguridad\u201d, declar\u00f3 en versiones recogidas por el diario nigeriano Vanguard.<\/p>\n\n\n\n<p>Anteayer fallecieron al menos 12 personas y 32 m\u00e1s resultaron lesionadas cuando hac\u00edan fila para recibir arroz. Ese mismo d\u00eda, 10 personas m\u00e1s perecieron en el templo cat\u00f3lico de la Sant\u00edsima Trinidad de Abuya, incluidos varios ni\u00f1os, durante una estampida de 3 mil personas.<\/p>\n\n\n\n<p>El jueves murieron aplastados 35 menores de edad durante una feria navide\u00f1a en Ibadan, en el estado de Oyo, concretamente en el Instituto Isl\u00e1mico de Secundaria de Basorun.<\/p>\n\n\n\n<p>\u201cEstas muertes de inocentes nos encogen el coraz\u00f3n, se pone de manifiesto la indignidad que impone la pobreza a nuestro pueblo\u201d, agreg\u00f3 Falana al criticar el clasismo de quienes reparten alimentos lanz\u00e1ndolos y adelant\u00f3 que ser\u00e1n denunciados quienes organicen este tipo de actos.<\/p>\n\n\n\n<p>(Informaci\u00f3n de agencias en \u201cLa Jornada\u201d)<\/p>\n","protected":false},"excerpt":{"rendered":"<p>Redacci\u00f3n\/Zona Roja Cdmx. Ciudad de M\u00e9xico, a 23 de diciembre de 2024.- El \u00faltimo balance&hellip;<\/p>\n","protected":false},"author":2,"featured_media":75772,"comment_status":"closed","ping_status":"open","sticky":false,"template":"","format":"standard","meta":{"_lmt_disableupdate":"","_lmt_disable":"","_jetpack_memberships_contains_paid_content":false,"footnotes":""},"categories":[109,47],"tags":[3791],"class_list":["post-75771","post","type-post","status-publish","format-standard","has-post-thumbnail","hentry","category-minuto-a-minuto","category-zona-gris","tag-nigeria"],"jetpack_featured_media_url":"https:\/\/zonaroja.com.mx\/wp-content\/uploads\/2024\/12\/Estampida-Nigeria.webp","jetpack_sharing_enabled":true,"_links":{"self":[{"href":"https:\/\/zonaroja.com.mx\/index.php?rest_route=\/wp\/v2\/posts\/75771","targetHints":{"allow":["GET"]}}],"collection":[{"href":"https:\/\/zonaroja.com.mx\/index.php?rest_route=\/wp\/v2\/posts"}],"about":[{"href":"https:\/\/zonaroja.com.mx\/index.php?rest_route=\/wp\/v2\/types\/post"}],"author":[{"embeddable":true,"href":"https:\/\/zonaroja.com.mx\/index.php?rest_route=\/wp\/v2\/users\/2"}],"replies":[{"embeddable":true,"href":"https:\/\/zonaroja.com.mx\/index.php?rest_route=%2Fwp%2Fv2%2Fcomments&post=75771"}],"version-history":[{"count":1,"href":"https:\/\/zonaroja.com.mx\/index.php?rest_route=\/wp\/v2\/posts\/75771\/revisions"}],"predecessor-version":[{"id":75773,"href":"https:\/\/zonaroja.com.mx\/index.php?rest_route=\/wp\/v2\/posts\/75771\/revisions\/75773"}],"wp:featuredmedia":[{"embeddable":true,"href":"https:\/\/zonaroja.com.mx\/index.php?rest_route=\/wp\/v2\/media\/75772"}],"wp:attachment":[{"href":"https:\/\/zonaroja.com.mx\/index.php?rest_route=%2Fwp%2Fv2%2Fmedia&parent=75771"}],"wp:term":[{"taxonomy":"category","embeddable":true,"href":"https:\/\/zonaroja.com.mx\/index.php?rest_route=%2Fwp%2Fv2%2Fcategories&post=75771"},{"taxonomy":"post_tag","embeddable":true,"href":"https:\/\/zonaroja.com.mx\/index.php?rest_route=%2Fwp%2Fv2%2Ftags&post=75771"}],"curies":[{"name":"wp","href":"https:\/\/api.w.org\/{rel}","templated":true}]}}