{"id":75774,"date":"2024-12-23T10:23:00","date_gmt":"2024-12-23T16:23:00","guid":{"rendered":"https:\/\/zonaroja.com.mx\/?p=75774"},"modified":"2024-12-23T08:24:12","modified_gmt":"2024-12-23T14:24:12","slug":"opinion-el-poder-judicial-de-oaxaca-de-mal-en-peor","status":"publish","type":"post","link":"https:\/\/zonaroja.com.mx\/?p=75774","title":{"rendered":"Opini\u00f3n. El Poder Judicial de Oaxaca, de mal en peor"},"content":{"rendered":"\n<p>Ismael Garc\u00eda M.\/Zona Roja.<\/p>\n\n\n\n<p>Oaxaca, Oax., a 23 de diciembre de 2024.- Prometi\u00f3 darle un mayor enfoque de g\u00e9nero y alta prioridad a los casos de violencia en contra de las mujeres, as\u00ed como aplicar justicia sin compromisos. Sin embargo, a punto de cumplir un a\u00f1o en el cargo, la magistrada Berenice Ram\u00edrez Jim\u00e9nez ha hecho exactamente lo contrario.<\/p>\n\n\n\n<p>En menos de 12 meses, el Poder Judicial de Oaxaca ha perdido su prestigio y seriedad no solamente en sus resoluciones, sino en la representaci\u00f3n aut\u00f3noma que tiene, pues parece m\u00e1s un ap\u00e9ndice del Poder Ejecutivo.<\/p>\n\n\n\n<p>Las recientes denuncias, como no ocurr\u00eda desde hace a\u00f1os atr\u00e1s, de los trabajadores de confianza por la falta de pago de prestaciones, y el probable desv\u00edo de fondos, aceleraron el conflicto en dicho \u00f3rgano, han terminado por evidenciar los m\u00faltiples errores cometidos a lo largo del a\u00f1o.<\/p>\n\n\n\n<p>Y una p\u00e9sima comunicaci\u00f3n ha contribuido a llevar por los suelos el prestigio de esa instituci\u00f3n, anta\u00f1o apol\u00edtica y seria.<\/p>\n\n\n\n<p>GRAN RESPALDO<\/p>\n\n\n\n<p>Fue el 3 de enero de este a\u00f1o en que el pleno del Poder Judicial tom\u00f3 protesta a la magistrada Berenice Ram\u00edrez Jim\u00e9nez como presidenta del \u00f3rgano, lo que lo convirti\u00f3 en la primera mujer en el cargo y en consecuencia hizo historia en la entidad.<\/p>\n\n\n\n<p>\u201cEn este proyecto hay cabida para todas las voces y asegura que el Tribunal Superior de Justicia siga siendo aut\u00f3nomo e independiente como la democracia constitucional exige\u201d.<\/p>\n\n\n\n<p>\u201cHoy las mujeres en el \u00e1mbito jurisdiccional somos valiosas porque hacemos que nuestra presencia no solo sea un discurso sino una realidad que nos recuerda seguir trabajando en este periodo por la igualdad, la inclusi\u00f3n y no discriminaci\u00f3n, este es un compromiso, juzgar con estas directrices que den luz a las nuevas generaciones\u201d, puntualiz\u00f3 en su mensaje de ese entonces.<\/p>\n\n\n\n<p>Seg\u00fan el curr\u00edculum que se dio a conocer, Ram\u00edrez Jim\u00e9nez es egresada de la UABJO, cuenta con maestr\u00eda en Derecho Procesal Constitucional y se desempe\u00f1aba como presidenta de la Sala Constitucional y Cuarta Sala Penal Colegiada del Tribunal Superior de Justicia del Estado.<\/p>\n\n\n\n<p>Ha ocupado cargos en el Poder Judicial de la Federaci\u00f3n, la Suprema Corte de Justicia de la Naci\u00f3n, la Defensor\u00eda P\u00fablica Federal, la Comisi\u00f3n Estatal de Derechos Humanos del Estado de Oaxaca, la Procuradur\u00eda General de Justicia del Estado de Oaxaca y el Consejo de la Judicatura Federal.<\/p>\n\n\n\n<p>Sin embargo, su designaci\u00f3n no estuvo exenta de pol\u00e9mica, pues con mucha antelaci\u00f3n a su nombramiento, ya hab\u00eda se\u00f1alamientos de su corta carrera judicial y de la probable recomendaci\u00f3n de su esposo, Juvenal Carbajal D\u00edaz, secretario de Estudio y Cuenta de la Suprema Corte de Justicia de la Naci\u00f3n y cercano a la tambi\u00e9n pol\u00e9mica magistrada Yasmin Esquivel.<\/p>\n\n\n\n<p>Y precisamente para allanar su postulaci\u00f3n, o imposici\u00f3n, el 12 de diciembre de 2023, con 38 votos a favor, la 65 Legislatura aprob\u00f3 la reforma al art\u00edculo 103 de la Constituci\u00f3n loca, para eliminar el requisito de integrar como m\u00ednimo durante tres a\u00f1os, una de las Salas del Tribunal Superior de Justicia del Estado, a fin de poder ocupar la Presidencia del Poder Judicial de Oaxaca.<\/p>\n\n\n\n<p>Asimismo, se aval\u00f3 que debe respetarse el principio de alternancia de g\u00e9nero, para que una magistrada mujer pueda asumir la presidencia del Poder Judicial.<\/p>\n\n\n\n<p>Por supuesto, hubo exaltaciones en todos los sectores pol\u00edticos y gubernamentales por la designaci\u00f3n de una mujer en el cargo.&nbsp;<\/p>\n\n\n\n<p>GRAN DECEPCI\u00d3N<\/p>\n\n\n\n<p>Sin embargo, no tuvieron que pasar muchos meses para que se mostrara la inexperiencia y las resoluciones a conveniencia del Poder Judicial, en su supuesta nueva etapa.<\/p>\n\n\n\n<p>La Alianza de Pueblos por la Justicia Social, que congrega a al menos cinco organizaciones sociales, en diversas ocasiones ha protestado por la nula eficacia y probables favoritismos.<\/p>\n\n\n\n<p>Lo mismo ha hecho en casos de feminicidio que arropa y que, seg\u00fan han denunciado p\u00fablicamente, no tienen el respaldo institucional y mucho menos se da prioridad a las mujeres.<\/p>\n\n\n\n<p>Tambi\u00e9n en diversas ocasiones el colectivo \u201cViolencia por ser mujer\u201d, que protagoniz\u00f3 al menos tres protestas p\u00fablicas por casos irresueltos, ha denunciado anomal\u00edas.<\/p>\n\n\n\n<p>En un a\u00f1o, ni siquiera hay proyecto para obras o rehabilitaci\u00f3n de espacios, que tanto hacen falta en la instituci\u00f3n. Su antecesor, Eduardo Pinacho S\u00e1nchez, logr\u00f3 consolidar diversas obras, entre ellas la conclusi\u00f3n de sedes judiciales.<\/p>\n\n\n\n<p>De los m\u00e1s recientes casos, fue pol\u00e9mica tambi\u00e9n la resoluci\u00f3n judicial del 13 de diciembre pasado, en que le quita meses a la sentencia de Lizbeth Victoria Huerta, por lo cual pudo salir libre.<\/p>\n\n\n\n<p>\u201c\u2026contra ella (Claudia Uruchurtu) se cometi\u00f3 un crimen de lesa humanidad, mismo que ha sido perfeccionado por Margarita Leonor Gopar P\u00e9rez, Luis Enrique Cordero Aguilar y Abraham Isaac Soriano Reyes, magistrada y magistrados que emitieron la resoluci\u00f3n al recurso de apelaci\u00f3n JOTPAS\/001\/2023.&nbsp;C\u00f3mo se llama a todo esto: la justicia s\u00ed tiene precio\u201d, escribi\u00f3 la periodista Soledad Jarqu\u00edn Edgar, v\u00edctima tambi\u00e9n de la ineficacia del Poder Judicial.<\/p>\n\n\n\n<p>Tambi\u00e9n la activista feminista, se ha quejado reiteradamente del Poder Judicial, de la titular actual y de los anteriores, ante la impunidad para el esclarecimiento del asesinato de su hija.<\/p>\n\n\n\n<p>Asimismo, ha denunciado las irregularidades en el caso Mar\u00eda Elena R. O.-Juan Antonio V. C.<\/p>\n\n\n\n<p>El a\u00f1o de quejas lo cerraron trabajadores de confianza del \u00f3rgano, que el d\u00eda martes 17 de diciembre protestaron, como no suced\u00eda anta\u00f1o, para exigir el pago de sus prestaciones de fin de a\u00f1o; retiraron su protesta con la promesa de que se les restituir\u00eda el pago.<\/p>\n\n\n\n<p>Pero, con desatino, dos d\u00edas despu\u00e9s, el Poder Judicial emiti\u00f3 un comunicado en que afirma que se realizaban las gestiones para cubrir y regularizar las \u201cprestaciones extraordinarias solicitadas por el personal\u201d.<\/p>\n\n\n\n<p>A lo cual reviraron los empleados de confianza con otro comunicado, emitido este s\u00e1bado, en que reprocharon que a\u00fan no recib\u00edan los pagos y de ninguna manera se trataba de asuntos extraordinarios, sino apoyos que han recibido a\u00f1os atr\u00e1s.<\/p>\n\n\n\n<p>Por cierto, en el marco de esta \u00faltima problem\u00e1tica, surgieron versiones de los propios trabajadores de que se habr\u00edan desviado fondos de la administraci\u00f3n de justicia y por eso no hab\u00eda dinero.<\/p>\n\n\n\n<p>Incluso lo reforzaron en su comunicado: \u201cLas gestiones que realiz\u00f3 fueron para recuperar lo tomado indebidamente por su administraci\u00f3n. Seguimos en lucha y no vamos a permitir que se violenten nuestros derechos o que expongan versiones falsas para cubrir sus malos manejos\u201d, le dijeron a la magistrada.<\/p>\n\n\n\n<p>\u00bfGRAN SALIDA?<\/p>\n\n\n\n<p>Quiz\u00e1 consciente de su paso gris por el Poder Judicial del estado de Oaxaca, la magistrada presidenta Berenice Ram\u00edrez entr\u00f3 a concursar por una plaza en el Poder Judicial de la Federaci\u00f3n, tras las reformas a dicha instituci\u00f3n.<\/p>\n\n\n\n<p>Pas\u00f3 ya a la segunda fase y de continuar en el proceso, podr\u00eda alcanzar un puesto\u2026 s\u00f3lo le faltar\u00eda el voto popular que contempla dicha instituci\u00f3n.<\/p>\n\n\n\n<p>Por cierto, tanto L\u00f3pez Obrador como Claudia Sheinbaum han reiterado que los nuevos ministros y jueces deber\u00e1n salir \u201cdel pueblo\u201d y luego ser de \u201cterritorio\u201d, es decir, recorrer las entidades del pa\u00eds.<\/p>\n\n\n\n<p>Lo que se le dificultar\u00eda a Ram\u00edrez Jim\u00e9nez, pues en un a\u00f1o pr\u00e1cticamente no ha recorrido el estado ni las principales sedes regionales del Poder Judicial.<\/p>\n\n\n\n<p>La magistrada fue electa por cuatro a\u00f1os, pero dejar\u00eda el cargo antes del plazo, en caso de lograr un puesto federal, lo que reflejar\u00eda un fracaso en su gesti\u00f3n estatal.<\/p>\n\n\n\n<p>De quedarse en el puesto, tendr\u00eda que evaluar su desempe\u00f1o y reconsiderar actitudes y decisiones para, ahora s\u00ed, promover y concretar una justicia con enfoque de g\u00e9nero\u2026 y alejada de las decisiones gubernamentales.<\/p>\n","protected":false},"excerpt":{"rendered":"<p>Ismael Garc\u00eda M.\/Zona Roja. Oaxaca, Oax., a 23 de diciembre de 2024.- Prometi\u00f3 darle un&hellip;<\/p>\n","protected":false},"author":2,"featured_media":67529,"comment_status":"closed","ping_status":"open","sticky":false,"template":"","format":"standard","meta":{"_lmt_disableupdate":"","_lmt_disable":"","_jetpack_memberships_contains_paid_content":false,"footnotes":""},"categories":[456,109,48],"tags":[1353],"class_list":["post-75774","post","type-post","status-publish","format-standard","has-post-thumbnail","hentry","category-columna","category-minuto-a-minuto","category-zona-critica","tag-opinion-zona-critica"],"jetpack_featured_media_url":"https:\/\/zonaroja.com.mx\/wp-content\/uploads\/2024\/04\/Opinion-Zona-Critica-Ismael-Garcia.jpg","jetpack_sharing_enabled":true,"_links":{"self":[{"href":"https:\/\/zonaroja.com.mx\/index.php?rest_route=\/wp\/v2\/posts\/75774","targetHints":{"allow":["GET"]}}],"collection":[{"href":"https:\/\/zonaroja.com.mx\/index.php?rest_route=\/wp\/v2\/posts"}],"about":[{"href":"https:\/\/zonaroja.com.mx\/index.php?rest_route=\/wp\/v2\/types\/post"}],"author":[{"embeddable":true,"href":"https:\/\/zonaroja.com.mx\/index.php?rest_route=\/wp\/v2\/users\/2"}],"replies":[{"embeddable":true,"href":"https:\/\/zonaroja.com.mx\/index.php?rest_route=%2Fwp%2Fv2%2Fcomments&post=75774"}],"version-history":[{"count":1,"href":"https:\/\/zonaroja.com.mx\/index.php?rest_route=\/wp\/v2\/posts\/75774\/revisions"}],"predecessor-version":[{"id":75775,"href":"https:\/\/zonaroja.com.mx\/index.php?rest_route=\/wp\/v2\/posts\/75774\/revisions\/75775"}],"wp:featuredmedia":[{"embeddable":true,"href":"https:\/\/zonaroja.com.mx\/index.php?rest_route=\/wp\/v2\/media\/67529"}],"wp:attachment":[{"href":"https:\/\/zonaroja.com.mx\/index.php?rest_route=%2Fwp%2Fv2%2Fmedia&parent=75774"}],"wp:term":[{"taxonomy":"category","embeddable":true,"href":"https:\/\/zonaroja.com.mx\/index.php?rest_route=%2Fwp%2Fv2%2Fcategories&post=75774"},{"taxonomy":"post_tag","embeddable":true,"href":"https:\/\/zonaroja.com.mx\/index.php?rest_route=%2Fwp%2Fv2%2Ftags&post=75774"}],"curies":[{"name":"wp","href":"https:\/\/api.w.org\/{rel}","templated":true}]}}