{"id":75779,"date":"2024-12-23T19:32:32","date_gmt":"2024-12-24T01:32:32","guid":{"rendered":"https:\/\/zonaroja.com.mx\/?p=75779"},"modified":"2024-12-23T19:32:33","modified_gmt":"2024-12-24T01:32:33","slug":"anuncia-gobernador-de-oaxaca-mas-cambios-en-su-gabinete","status":"publish","type":"post","link":"https:\/\/zonaroja.com.mx\/?p=75779","title":{"rendered":"Anuncia gobernador de Oaxaca m\u00e1s cambios en su gabinete\u00a0"},"content":{"rendered":"\n<p>Redacci\u00f3n\/Zona Roja.<\/p>\n\n\n\n<p>Oaxaca de Ju\u00e1rez, Oax. 23 de diciembre de 2024. Para avanzar en la transformaci\u00f3n de Oaxaca y cumplir los objetivos planteados en el Plan Estatal de Desarrollo, el gobernador Salom\u00f3n Jara Cruz anunci\u00f3 cambios en su gabinete legal y ampliado, as\u00ed como la creaci\u00f3n de una secretar\u00eda y dos institutos.<\/p>\n\n\n\n<p>Durante la conferencia de prensa, expres\u00f3 que la Secretar\u00eda de Movilidad (Semovi) ser\u00e1 encabezada por Yesenia Nolasco Ram\u00edrez; en tanto, la secretaria de las Mujeres, Anah\u00ed Sarmiento, tomar\u00e1 una licencia por cuestiones de salud, y de manera temporal estar\u00e1 al frente de esta instituci\u00f3n Montserrat Lares Montalvo, como encargada de Despacho<\/p>\n\n\n\n<p>Tambi\u00e9n, invit\u00f3 a la representante de la Diosa Cent\u00e9otl 2024, Juana Hern\u00e1ndez L\u00f3pez, para integrarse a la Secretar\u00eda de Interculturalidad, Pueblos y Comunidades Ind\u00edgenas y Afromexicanas (SIPCIA), sin embargo, est\u00e1 pendiente su confirmaci\u00f3n.<\/p>\n\n\n\n<p>En el Instituto Estatal de Educaci\u00f3n para Adultos (IEEA), estar\u00e1 Juanita Aguilar Espinoza; en la Oficina de Pensiones del Estado de Oaxaca, Elpidio Altamirano L\u00f3pez; en el Colegio de Bachilleres del Estado de Oaxaca (Cobao), Ang\u00e9lica Garc\u00eda.<\/p>\n\n\n\n<p>En el Instituto del Patrimonio Cultural del Estado de Oaxaca (Inpac), Sildia Mecott. Al frente del Instituto de Capacitaci\u00f3n y Productividad para el Trabajo del Estado de Oaxaca (Icapet), Rosalinda L\u00f3pez Garc\u00eda.<\/p>\n\n\n\n<p>En la subsecretar\u00eda de Fomento del Empleo de la Secretar\u00eda del Trabajo, Horacio Sosa Villavicencio; como subsecretario de Desarrollo Tur\u00edstico de la Secretar\u00eda de Turismo, Jos\u00e9 Hern\u00e1ndez C\u00e1rdenas, y en la subsecretar\u00eda de Interculturalidad de la Secretar\u00eda de Educaci\u00f3n P\u00fablica (SEP) en Oaxaca, Sesul Bola\u00f1os.<\/p>\n\n\n\n<p>Asimismo, el mandatario estatal inform\u00f3 sobre la creaci\u00f3n de dos organismos de suma importancia, el Instituto Estatal de Lenguas Originarias, que estar\u00e1 a cargo de V\u00edctor Cata; y el Instituto para el Fomento de la Lectura y Alfabetizaci\u00f3n, con Carmen S\u00e1nchez Parada. Tambi\u00e9n adelant\u00f3 la creaci\u00f3n de la Secretar\u00eda del Agua.<\/p>\n\n\n\n<figure class=\"wp-block-embed is-type-rich is-provider-twitter wp-block-embed-twitter\"><div class=\"wp-block-embed__wrapper\">\n<div class=\"twitter-tweet\"><blockquote class=\"twitter-tweet\" data-lang=\"es\"><p lang=\"es\" dir=\"ltr\">Al t\u00e9rmino de su conferencia de prensa semanal, el gobernador <a href=\"https:\/\/twitter.com\/salomonj?ref_src=twsrc%5Etfw\">@salomonj<\/a> anunci\u00f3 al menos una decena de cambios y designaciones en su gabinete. <br>\u00bfQui\u00e9nes son y en qu\u00e9 \u00e1reas?<br>Escuche: <a href=\"https:\/\/t.co\/BDegzrx44m\">pic.twitter.com\/BDegzrx44m<\/a><\/p>&mdash; Zona Roja Oaxaca (@ZonaRoja_Oaxaca) <a href=\"https:\/\/twitter.com\/ZonaRoja_Oaxaca\/status\/1871288453549392041?ref_src=twsrc%5Etfw\">23 de diciembre de 2024<\/a><\/blockquote><\/div>\n<\/div><\/figure>\n","protected":false},"excerpt":{"rendered":"<p>Redacci\u00f3n\/Zona Roja. Oaxaca de Ju\u00e1rez, Oax. 23 de diciembre de 2024. Para avanzar en la&hellip;<\/p>\n","protected":false},"author":2,"featured_media":75780,"comment_status":"closed","ping_status":"open","sticky":false,"template":"","format":"standard","meta":{"_lmt_disableupdate":"","_lmt_disable":"","_jetpack_memberships_contains_paid_content":false,"footnotes":""},"categories":[109,46],"tags":[939],"class_list":["post-75779","post","type-post","status-publish","format-standard","has-post-thumbnail","hentry","category-minuto-a-minuto","category-zona-blanca","tag-salomon-jara-cruz"],"jetpack_featured_media_url":"https:\/\/zonaroja.com.mx\/wp-content\/uploads\/2024\/12\/Conferencia-Salomon-Jara.jpeg","jetpack_sharing_enabled":true,"_links":{"self":[{"href":"https:\/\/zonaroja.com.mx\/index.php?rest_route=\/wp\/v2\/posts\/75779","targetHints":{"allow":["GET"]}}],"collection":[{"href":"https:\/\/zonaroja.com.mx\/index.php?rest_route=\/wp\/v2\/posts"}],"about":[{"href":"https:\/\/zonaroja.com.mx\/index.php?rest_route=\/wp\/v2\/types\/post"}],"author":[{"embeddable":true,"href":"https:\/\/zonaroja.com.mx\/index.php?rest_route=\/wp\/v2\/users\/2"}],"replies":[{"embeddable":true,"href":"https:\/\/zonaroja.com.mx\/index.php?rest_route=%2Fwp%2Fv2%2Fcomments&post=75779"}],"version-history":[{"count":1,"href":"https:\/\/zonaroja.com.mx\/index.php?rest_route=\/wp\/v2\/posts\/75779\/revisions"}],"predecessor-version":[{"id":75781,"href":"https:\/\/zonaroja.com.mx\/index.php?rest_route=\/wp\/v2\/posts\/75779\/revisions\/75781"}],"wp:featuredmedia":[{"embeddable":true,"href":"https:\/\/zonaroja.com.mx\/index.php?rest_route=\/wp\/v2\/media\/75780"}],"wp:attachment":[{"href":"https:\/\/zonaroja.com.mx\/index.php?rest_route=%2Fwp%2Fv2%2Fmedia&parent=75779"}],"wp:term":[{"taxonomy":"category","embeddable":true,"href":"https:\/\/zonaroja.com.mx\/index.php?rest_route=%2Fwp%2Fv2%2Fcategories&post=75779"},{"taxonomy":"post_tag","embeddable":true,"href":"https:\/\/zonaroja.com.mx\/index.php?rest_route=%2Fwp%2Fv2%2Ftags&post=75779"}],"curies":[{"name":"wp","href":"https:\/\/api.w.org\/{rel}","templated":true}]}}