{"id":75782,"date":"2024-12-24T07:30:00","date_gmt":"2024-12-24T13:30:00","guid":{"rendered":"https:\/\/zonaroja.com.mx\/?p=75782"},"modified":"2024-12-24T06:17:22","modified_gmt":"2024-12-24T12:17:22","slug":"confirma-fiscalia-detencion-en-juchitan-de-presunto-criminal","status":"publish","type":"post","link":"https:\/\/zonaroja.com.mx\/?p=75782","title":{"rendered":"Confirma Fiscal\u00eda detenci\u00f3n en Juchit\u00e1n de presunto criminal"},"content":{"rendered":"\n<p>Redacci\u00f3n\/Zona Roja.&nbsp;<\/p>\n\n\n\n<p>Oaxaca de Ju\u00e1rez, Oax. 24 de diciembre de 2024.- La Fiscal\u00eda General del Estado de Oaxaca (FGEO) realiz\u00f3 un operativo para dar cumplimiento a una orden de aprehensi\u00f3n en contra de M. G. S., detenido por el delito de Homicidio Calificado, derivado de los hechos en que perdieron la vida cuatro personas durante una agresi\u00f3n armada, ocurrida en la regi\u00f3n del Istmo de Tehuantepec.<\/p>\n\n\n\n<p>De acuerdo con el expediente penal del caso, los hechos sucedieron el 14 de diciembre de 2021, al interior de un bar localizado en la colonia Altamirano, de la poblaci\u00f3n de La Ventosa, perteneciente al municipio de Juchit\u00e1n de Zaragoza.<\/p>\n\n\n\n<p>En el sitio, un grupo de personas agredi\u00f3 con disparos de arma de fuego a las cuatro v\u00edctimas, identificadas como C. T. G. (mujer), as\u00ed como G. S. L., J. L. F. G. y O. R. O, quienes perdieron la vida a consecuencia de las lesiones infligidas durante la agresi\u00f3n.<\/p>\n\n\n\n<p>Cuando la Fiscal\u00eda de Oaxaca tuvo conocimiento de los hechos, inici\u00f3 las investigaciones ministeriales a trav\u00e9s de la Vicefiscal\u00eda Regional del Istmo, que obtuvo los datos de prueba suficientes para obtener la orden de aprehensi\u00f3n correspondiente.<\/p>\n\n\n\n<p>Como resultado de un operativo coordinado por la FGEO, elementos de la Agencia Estatal de Investigaciones (AEI) lograron la detenci\u00f3n de M. G. S., quien fue llevado de manera inmediata ante el Ministerio P\u00fablico, para determinar su situaci\u00f3n legal correspondiente.<\/p>\n\n\n\n<p>Los trabajos e investigaci\u00f3n, permitieron establecer que M. G. S. estar\u00eda involucrado con una de los grupos delictivos identificados como uno de los principales generadores de violencia en el Istmo de Tehuantepec.<\/p>\n\n\n\n<p>DOS DETENIDOS<\/p>\n\n\n\n<p>Por otra parte, la Fiscal\u00eda General del Estado obtuvo auto de vinculaci\u00f3n a proceso y prisi\u00f3n preventiva contra dos personas del sexo masculino identificados como O.D.O., y C.D.O., imputados por el delito de homicidio calificado con ventaja, cometido en el distrito de Putla Villa de Guerrero.<\/p>\n\n\n\n<p>De acuerdo con el expediente penal del caso, los hechos ocurrieron el 15 de junio de 2024, cuando la v\u00edctima -un hombre identificado como M.H.M.- circulaba a bordo de una unidad de motor, perteneciente a la l\u00ednea de transportes, sobre la carretera federal perteneciente a la comunidad de San Isidro de Morelos jurisdicci\u00f3n de Putla Villa de Guerrero, a la altura del paraje Curva del Sur o Capilla del Sur, lugar donde fue privada de su vida.<\/p>\n\n\n\n<p>La investigaci\u00f3n revela que, en ese lugar, la v\u00edctima fue interceptada y agredida con disparos de arma de fuego infligiendo lesiones que le ocasionaron la muerte.<\/p>\n\n\n\n<p>Ante estos hechos, la FGEO inici\u00f3 las investigaciones a trav\u00e9s de la Vicefiscal\u00eda Regional de la Mixteca, gracias a las cuales fue posible la aprehensi\u00f3n y detenci\u00f3n de los imputados, quienes fueron puestos a disposici\u00f3n de la autoridad ministerial para su proceso legal.<\/p>\n\n\n\n<p>Tras el desahogo de pruebas ministeriales aportadas por la FGEO, el Juez que atiende la causa determin\u00f3 dictar auto de vinculaci\u00f3n a proceso en contra de ambos imputados, a quienes les impuso la medida cautelar de prisi\u00f3n preventiva oficiosa, por el delito de homicidio calificado con ventaja, concediendo un plazo de dos meses para el cierre de investigaci\u00f3n complementaria.<\/p>\n\n\n\n<p>VINCULADOS A PROCESO<\/p>\n\n\n\n<p>En tanto, y como parte de las acciones de combate a delitos de alto impacto, la Fiscal\u00eda General del Estado de Oaxaca (FGEO) obtuvo auto de vinculaci\u00f3n a proceso en contra de siete personas, entre ellas, una mujer identificada como M.A.L.S., y seis hombres identificados como E.N.H., A.L.S., J.G.M., R.N.S., F.D.M.S. y G.R.A., imputados por el delito contra la salud cometido en la regi\u00f3n de la Costa.<\/p>\n\n\n\n<p>De acuerdo con la investigaci\u00f3n, Agentes Estatales de Investigaci\u00f3n (AEI) adscritos a la Vicefiscal\u00eda Regional de la Costa junto con la Secretar\u00eda de la Defensa Nacional (DEFENSA), Guardia Nacional y Polic\u00eda Estatal realizaron un operativo interinstitucional de seguridad y prevenci\u00f3n, en la poblaci\u00f3n de Patria Nueva perteneciente al municipio de Santiago Jamiltepec.<\/p>\n\n\n\n<p>Al observar que un grupo de personas trat\u00f3 de evadir la movilizaci\u00f3n, les dieron alcance y lograron la detenci\u00f3n de siete personas que estaban en posesi\u00f3n de diversas dosis de drogas como cristal, marihuana, metanfetamina y cannabis sativa, adem\u00e1s de armas de fuego con cartuchos \u00fatiles, las cuales quedaron -junto con los detenidos- a disposici\u00f3n de la autoridad competente.<\/p>\n\n\n\n<p>Tras el desahogo de pruebas ministeriales aportadas por la FGEO, el Juez que atiende la causa dict\u00f3 auto de vinculaci\u00f3n a proceso en contra de los siete imputados, a quienes les impuso la medida cautelar de prisi\u00f3n preventiva por el delito contra la salud, concediendo un plazo de dos meses para el cierre de investigaci\u00f3n complementaria.<\/p>\n","protected":false},"excerpt":{"rendered":"<p>Redacci\u00f3n\/Zona Roja.&nbsp; Oaxaca de Ju\u00e1rez, Oax. 24 de diciembre de 2024.- La Fiscal\u00eda General del&hellip;<\/p>\n","protected":false},"author":2,"featured_media":75783,"comment_status":"closed","ping_status":"open","sticky":false,"template":"","format":"standard","meta":{"_lmt_disableupdate":"","_lmt_disable":"","_jetpack_memberships_contains_paid_content":false,"footnotes":""},"categories":[109,46],"tags":[494],"class_list":["post-75782","post","type-post","status-publish","format-standard","has-post-thumbnail","hentry","category-minuto-a-minuto","category-zona-blanca","tag-fiscalia-general-del-estado-de-oaxaca"],"jetpack_featured_media_url":"https:\/\/zonaroja.com.mx\/wp-content\/uploads\/2024\/12\/M.G.S.-Juchitan-.jpg","jetpack_sharing_enabled":true,"_links":{"self":[{"href":"https:\/\/zonaroja.com.mx\/index.php?rest_route=\/wp\/v2\/posts\/75782","targetHints":{"allow":["GET"]}}],"collection":[{"href":"https:\/\/zonaroja.com.mx\/index.php?rest_route=\/wp\/v2\/posts"}],"about":[{"href":"https:\/\/zonaroja.com.mx\/index.php?rest_route=\/wp\/v2\/types\/post"}],"author":[{"embeddable":true,"href":"https:\/\/zonaroja.com.mx\/index.php?rest_route=\/wp\/v2\/users\/2"}],"replies":[{"embeddable":true,"href":"https:\/\/zonaroja.com.mx\/index.php?rest_route=%2Fwp%2Fv2%2Fcomments&post=75782"}],"version-history":[{"count":2,"href":"https:\/\/zonaroja.com.mx\/index.php?rest_route=\/wp\/v2\/posts\/75782\/revisions"}],"predecessor-version":[{"id":75785,"href":"https:\/\/zonaroja.com.mx\/index.php?rest_route=\/wp\/v2\/posts\/75782\/revisions\/75785"}],"wp:featuredmedia":[{"embeddable":true,"href":"https:\/\/zonaroja.com.mx\/index.php?rest_route=\/wp\/v2\/media\/75783"}],"wp:attachment":[{"href":"https:\/\/zonaroja.com.mx\/index.php?rest_route=%2Fwp%2Fv2%2Fmedia&parent=75782"}],"wp:term":[{"taxonomy":"category","embeddable":true,"href":"https:\/\/zonaroja.com.mx\/index.php?rest_route=%2Fwp%2Fv2%2Fcategories&post=75782"},{"taxonomy":"post_tag","embeddable":true,"href":"https:\/\/zonaroja.com.mx\/index.php?rest_route=%2Fwp%2Fv2%2Ftags&post=75782"}],"curies":[{"name":"wp","href":"https:\/\/api.w.org\/{rel}","templated":true}]}}