{"id":75789,"date":"2024-12-24T09:30:00","date_gmt":"2024-12-24T15:30:00","guid":{"rendered":"https:\/\/zonaroja.com.mx\/?p=75789"},"modified":"2024-12-24T07:13:25","modified_gmt":"2024-12-24T13:13:25","slug":"una-mujer-encantadora-y-maravillosa-trump-a-sheinbaum","status":"publish","type":"post","link":"https:\/\/zonaroja.com.mx\/?p=75789","title":{"rendered":"\u201cUna mujer encantadora y maravillosa: Trump a Sheinbaum"},"content":{"rendered":"\n<p>Redacci\u00f3n\/Zona Roja Cdmx.<\/p>\n\n\n\n<p>Ciudad de M\u00e9xico, a 24 de diciembre de 2024.- La presidenta Claudia Sheinbaum agradeci\u00f3 al presidente electo de Estados Unidos, Donald Trump, por haberla llamado \u201cuna mujer encantadora y maravillosa\u201d.<\/p>\n\n\n\n<p>Esto, en medio de las declaraciones del magnate sobre que clasificar\u00e1 a los c\u00e1rteles mexicanos como organizaciones terroristas una vez que llegue a la Casa Blanca el pr\u00f3ximo mes de enero.<\/p>\n\n\n\n<p>En su conferencia matutina, Sheinbaum mostr\u00f3 un video de Trump en el que se expresa positivamente de la mandataria mexicana.<\/p>\n\n\n\n<p>Respecto a los dichos de Trump de declarar a grupos criminales como organizaciones terroristas extranjeras, Sheinbaum Pardo neg\u00f3 que el estadounidense haya planteado una intervenci\u00f3n de agentes y fuerzas del pa\u00eds norteamericano en M\u00e9xico.<\/p>\n\n\n\n<p>\u201cHay otra parte donde habla de definir a los c\u00e1rteles como terrorismo, pero nunca habla de intervenci\u00f3n en M\u00e9xico (&#8230;) \u00bfQu\u00e9 pienso yo m\u00e1s all\u00e1 de la manera en que se expresa el presidente Trump? Yo creo que va a haber un acuerdo para todos los temas con Estados Unidos\u201d, apunt\u00f3.<\/p>\n\n\n\n<p>Agreg\u00f3 que esto implicar\u00e1 llegar a acuerdos en materia migratoria, comercial y de seguridad.<\/p>\n\n\n\n<p>\u201cHay que trabajar para tener una buena relaci\u00f3n, pero no hay que engancharse en los temas y sencillamente escuchar bien lo que est\u00e1 diciendo (Trump). Y repito, as\u00ed como tuvo una buena relaci\u00f3n con el presidente L\u00f3pez Obrador, de respeto, tambi\u00e9n estoy convencida de que vamos a tener una buena relaci\u00f3n\u201d, asever\u00f3.<\/p>\n\n\n\n<p>(Informaci\u00f3n de Pol\u00edtico.Mx)<\/p>\n","protected":false},"excerpt":{"rendered":"<p>Redacci\u00f3n\/Zona Roja Cdmx. Ciudad de M\u00e9xico, a 24 de diciembre de 2024.- La presidenta Claudia&hellip;<\/p>\n","protected":false},"author":2,"featured_media":75790,"comment_status":"closed","ping_status":"open","sticky":false,"template":"","format":"standard","meta":{"_lmt_disableupdate":"","_lmt_disable":"","_jetpack_memberships_contains_paid_content":false,"footnotes":""},"categories":[109,46],"tags":[3370,1060],"class_list":["post-75789","post","type-post","status-publish","format-standard","has-post-thumbnail","hentry","category-minuto-a-minuto","category-zona-blanca","tag-claudia-sheinbaum","tag-donald-trump"],"jetpack_featured_media_url":"https:\/\/zonaroja.com.mx\/wp-content\/uploads\/2024\/12\/Claudia-Sheinbaum-y-Donald-Trump.jpg","jetpack_sharing_enabled":true,"_links":{"self":[{"href":"https:\/\/zonaroja.com.mx\/index.php?rest_route=\/wp\/v2\/posts\/75789","targetHints":{"allow":["GET"]}}],"collection":[{"href":"https:\/\/zonaroja.com.mx\/index.php?rest_route=\/wp\/v2\/posts"}],"about":[{"href":"https:\/\/zonaroja.com.mx\/index.php?rest_route=\/wp\/v2\/types\/post"}],"author":[{"embeddable":true,"href":"https:\/\/zonaroja.com.mx\/index.php?rest_route=\/wp\/v2\/users\/2"}],"replies":[{"embeddable":true,"href":"https:\/\/zonaroja.com.mx\/index.php?rest_route=%2Fwp%2Fv2%2Fcomments&post=75789"}],"version-history":[{"count":1,"href":"https:\/\/zonaroja.com.mx\/index.php?rest_route=\/wp\/v2\/posts\/75789\/revisions"}],"predecessor-version":[{"id":75791,"href":"https:\/\/zonaroja.com.mx\/index.php?rest_route=\/wp\/v2\/posts\/75789\/revisions\/75791"}],"wp:featuredmedia":[{"embeddable":true,"href":"https:\/\/zonaroja.com.mx\/index.php?rest_route=\/wp\/v2\/media\/75790"}],"wp:attachment":[{"href":"https:\/\/zonaroja.com.mx\/index.php?rest_route=%2Fwp%2Fv2%2Fmedia&parent=75789"}],"wp:term":[{"taxonomy":"category","embeddable":true,"href":"https:\/\/zonaroja.com.mx\/index.php?rest_route=%2Fwp%2Fv2%2Fcategories&post=75789"},{"taxonomy":"post_tag","embeddable":true,"href":"https:\/\/zonaroja.com.mx\/index.php?rest_route=%2Fwp%2Fv2%2Ftags&post=75789"}],"curies":[{"name":"wp","href":"https:\/\/api.w.org\/{rel}","templated":true}]}}