{"id":75795,"date":"2024-12-24T13:24:00","date_gmt":"2024-12-24T19:24:00","guid":{"rendered":"https:\/\/zonaroja.com.mx\/?p=75795"},"modified":"2024-12-24T08:25:44","modified_gmt":"2024-12-24T14:25:44","slug":"opinion-de-la-simulacion-a-la-autocracia","status":"publish","type":"post","link":"https:\/\/zonaroja.com.mx\/?p=75795","title":{"rendered":"Opini\u00f3n. De la simulaci\u00f3n a la autocracia"},"content":{"rendered":"\n<p>Isidoro Yescas*<\/p>\n\n\n\n<p>Aunque ya desde los tiempos del&nbsp;priato&nbsp;la divisi\u00f3n de poderes era mera simulaci\u00f3n, se respetaban formas y procedimientos administrativos y legales para que todas las iniciativas, caprichos o arrebatos de los gobernadores en turno salieron adelante.&nbsp;<\/p>\n\n\n\n<p>Hoy, en cambio, bajo el mismo esquema de subordinaci\u00f3n de los poderes Legislativo y Judicial, al jefe del Poder Ejecutivo en Oaxaca ya se transit\u00f3 de la simulaci\u00f3n al nulo respeto a la divisi\u00f3n de poderes para configurar as\u00ed una autocracia que usa indistintamente a la C\u00e1mara de Diputados y al Tribunal Superior de Justicia de Oaxaca&nbsp;para imponer sus decisiones.<\/p>\n\n\n\n<p>Eso fue lo que ocurri\u00f3 con el decreto emitido por la 66 legislatura para borrar de la n\u00f3mina del Gobierno del Estado a 1,344 trabajadores sindicalizados, y para que el Tribunal modificara la sentencia por desaparici\u00f3n&nbsp;forzada de&nbsp;la activista Claudia Uruchurtu y as\u00ed&nbsp;lograr la libertad de la expresidenta municipal de Nochixtl\u00e1n,&nbsp;Lizbeth Victoria Huerta, encarcelada&nbsp;en&nbsp;el a\u00f1o 2021 por dicho delito.&nbsp;<\/p>\n\n\n\n<p>En el primer caso, y pese a la inconstitucionalidad del decretazo del Congreso local, el Gobierno del Estado pudo, despu\u00e9s de algunos d\u00edas de movilizaciones&nbsp;de las bases sindicalizadas,&nbsp;mantener vigente el decreto y&nbsp;desactivar la revuelta de la base trabajadora del STEIPDECEO a cambio de depurar&nbsp;la&nbsp;lista de trabajadores cesados(as)&nbsp;y ofrecer una revisi\u00f3n caso por caso,&nbsp;apoy\u00e1ndose para esto \u00faltimo en&nbsp;la&nbsp;dirigencia sindical,&nbsp;a quien ya hab\u00eda usado para dividir al gremio burocr\u00e1tico en&nbsp;la pasada&nbsp;contienda &nbsp;electoral.<\/p>\n\n\n\n<p>Ya desmovilizada la base, conjurado el riesgo de la integraci\u00f3n de un frente amplio antigubernamental&nbsp;y con el per\u00edodo vacacional encima,&nbsp;el Comit\u00e9 Ejecutivo presidido por Pedro Castillejos pas\u00f3 de ser la cabeza visible de las airadas protestas y movilizaciones&nbsp;para rechazar el despido masivo,&nbsp;a instrumento de&nbsp;la&nbsp;zapotecracia&nbsp;primaveral&nbsp;para&nbsp;depurar&nbsp;a modo&nbsp;la lista de los 1,344 (en donde, por cierto, suman cientos los aviadores y recomendados de pol\u00edticos del PRI, PT&nbsp;y Morena) mediante la presentaci\u00f3n y firma de un formato en donde literalmente se asienta: \u201cque bajo protesta de decir verdad manifiesto que no he presentado ninguna demanda de amparo\u2026ante los Juzgados Federales del Estado de Oaxaca en contra &nbsp;del DECRETO N\u00daMERO 24\u2026\u201d(may\u00fasculas en el original).<\/p>\n\n\n\n<p>Y al final&nbsp;\u00e9sta&nbsp;advertencia: \u201cHago esta declaraci\u00f3n con el pleno conocimiento de que la promoci\u00f3n de un doble amparo est\u00e1 prohibida por la Ley de Amparo y podr\u00eda constituir un delito\u2026\u201d.<\/p>\n\n\n\n<p>Sin embargo, m\u00e1s que el amparo&nbsp;(que&nbsp;se presume se estar\u00eda promoviendo ante juzgados estatales), la v\u00eda m\u00e1s corta &nbsp;y eficaz hubiese sido la lucha por la derogaci\u00f3n&nbsp;del decreto de marras que, mientras siga vigente, seguir\u00e1 pendiendo como una espada de Damocles sobre los(as) trabajadores despedidos. &nbsp;<\/p>\n\n\n\n<p>No menos grave result\u00f3 la liberaci\u00f3n&nbsp;de la expresidente municipal&nbsp;de Nochixtl\u00e1n, Lizbeth Victoria&nbsp;Huerta, luego que los integrantes de la Sala de Justicia Ind\u00edgena del TSJO presidida por la magistrada Margarita Gopar P\u00e9rez la exculparan del delito de desaparici\u00f3n forzada porque el ministerio p\u00fablico \u201cno aport\u00f3 pruebas de gravedad\u201d reduciendo as\u00ed su sentencia y logrando su inmediata libertad.&nbsp;<\/p>\n\n\n\n<p>La respuesta casi inmediata para condenar esta&nbsp;chicanada&nbsp;urdida desde el Poder Ejecutivo provino de un destacado defensor de los derechos humanos y cuadro destacado de Morena, Alejandro Encinas, quien en su cuenta de X calific\u00f3 este hecho como indignante para luego denunciar que la libertad de Victoria Huerta se obtuvo \u201cpor v\u00ednculos pol\u00edticos\u201d otorg\u00e1ndole as\u00ed impunidad.<\/p>\n\n\n\n<p>En comentarios publicados&nbsp;en &nbsp;redes&nbsp;sociales y algunos &nbsp;medios &nbsp;nacionales &nbsp;hubo coincidencia &nbsp;en se\u00f1alar que esos v\u00ednculos pol\u00edticos a los que Encinas aludi\u00f3 se refer\u00edan a la amistad y complicidades ya existentes entre la exedil de Nochixtl\u00e1n y el gobernador Salom\u00f3n Jara.<\/p>\n\n\n\n<p>Diciembre del 2024 cerr\u00f3 as\u00ed con dos hechos que, sumados a otros m\u00e1s ocurridos durante&nbsp;el a\u00f1o y&nbsp;en&nbsp;este&nbsp;mismo mes, como &nbsp;recortar el aguinaldo a trabajadores y magistrados(as) del Poder Judicial, revelan un ejercicio de gobierno&nbsp;autocr\u00e1tico,&nbsp;&nbsp;cada vez&nbsp;mas&nbsp;lejano a los principios y \u00e9tica pol\u00edtica de la izquierda y la 4T&nbsp;y m\u00e1s&nbsp;identificado&nbsp;a los malos gobiernos&nbsp;pri\u00edstas&nbsp;&nbsp;que tuvo &nbsp;Oaxaca antes de la segunda alternancia en el poder ejecutivo.<\/p>\n\n\n\n<p>P.D. &nbsp;A lectores y lectoras &nbsp; los abrazos que alcancen y que la magia de la Navidad sea pretexto para renovar esperanzas y hacer de la amistad,&nbsp;el&nbsp;amor al pr\u00f3jimo &nbsp;y la justicia &nbsp;un valor permanente.&nbsp;<\/p>\n","protected":false},"excerpt":{"rendered":"<p>Isidoro Yescas* Aunque ya desde los tiempos del&nbsp;priato&nbsp;la divisi\u00f3n de poderes era mera simulaci\u00f3n, se&hellip;<\/p>\n","protected":false},"author":2,"featured_media":71623,"comment_status":"closed","ping_status":"open","sticky":false,"template":"","format":"standard","meta":{"_lmt_disableupdate":"","_lmt_disable":"","_jetpack_memberships_contains_paid_content":false,"footnotes":""},"categories":[456,109],"tags":[3998],"class_list":["post-75795","post","type-post","status-publish","format-standard","has-post-thumbnail","hentry","category-columna","category-minuto-a-minuto","tag-isidoro-yescas-martinez"],"jetpack_featured_media_url":"https:\/\/zonaroja.com.mx\/wp-content\/uploads\/2024\/08\/Opinion.-Isidoro-Yescas.jpg","jetpack_sharing_enabled":true,"_links":{"self":[{"href":"https:\/\/zonaroja.com.mx\/index.php?rest_route=\/wp\/v2\/posts\/75795","targetHints":{"allow":["GET"]}}],"collection":[{"href":"https:\/\/zonaroja.com.mx\/index.php?rest_route=\/wp\/v2\/posts"}],"about":[{"href":"https:\/\/zonaroja.com.mx\/index.php?rest_route=\/wp\/v2\/types\/post"}],"author":[{"embeddable":true,"href":"https:\/\/zonaroja.com.mx\/index.php?rest_route=\/wp\/v2\/users\/2"}],"replies":[{"embeddable":true,"href":"https:\/\/zonaroja.com.mx\/index.php?rest_route=%2Fwp%2Fv2%2Fcomments&post=75795"}],"version-history":[{"count":1,"href":"https:\/\/zonaroja.com.mx\/index.php?rest_route=\/wp\/v2\/posts\/75795\/revisions"}],"predecessor-version":[{"id":75796,"href":"https:\/\/zonaroja.com.mx\/index.php?rest_route=\/wp\/v2\/posts\/75795\/revisions\/75796"}],"wp:featuredmedia":[{"embeddable":true,"href":"https:\/\/zonaroja.com.mx\/index.php?rest_route=\/wp\/v2\/media\/71623"}],"wp:attachment":[{"href":"https:\/\/zonaroja.com.mx\/index.php?rest_route=%2Fwp%2Fv2%2Fmedia&parent=75795"}],"wp:term":[{"taxonomy":"category","embeddable":true,"href":"https:\/\/zonaroja.com.mx\/index.php?rest_route=%2Fwp%2Fv2%2Fcategories&post=75795"},{"taxonomy":"post_tag","embeddable":true,"href":"https:\/\/zonaroja.com.mx\/index.php?rest_route=%2Fwp%2Fv2%2Ftags&post=75795"}],"curies":[{"name":"wp","href":"https:\/\/api.w.org\/{rel}","templated":true}]}}