{"id":75797,"date":"2024-12-24T05:32:00","date_gmt":"2024-12-24T11:32:00","guid":{"rendered":"https:\/\/zonaroja.com.mx\/?p=75797"},"modified":"2024-12-24T08:34:10","modified_gmt":"2024-12-24T14:34:10","slug":"en-vispera-de-navidad-asesinan-a-individuo-en-pinotepa-nacional","status":"publish","type":"post","link":"https:\/\/zonaroja.com.mx\/?p=75797","title":{"rendered":"En v\u00edspera de Navidad, asesinan a individuo en Pinotepa Nacional\u00a0"},"content":{"rendered":"\n<p>Raymundo Morales\/Zona Roja.<\/p>\n\n\n\n<p>Oaxaca de Ju\u00e1rez, Oax., a 24 de diciembre de 2024.- Una persona del sexo masculino fue ejecutada a balazos la madrugada de este martes en Santiago Pinotepa Nacional, municipio de la regi\u00f3n Costa de Oaxaca.<\/p>\n\n\n\n<p>De acuerdo con reportes policiacos y medios informativos de la zona, el crimen se perpetr\u00f3 alrededor de las 04:30 horas en el interior de un bar ubicado en la calla 7 Sur y avenida Aguirre Palancares.<\/p>\n\n\n\n<p>La v\u00edctima a\u00fan no ha sido identificada y personal de la Vicefiscal\u00eda Regional de la Costa inici\u00f3 las labores periciales correspondientes, as\u00ed como la carpeta de investigaci\u00f3n.<\/p>\n\n\n\n<p>Por otra parte, ayer se report\u00f3 de manera extraoficial el ataque al ex dirigente de la Confederaci\u00f3n Joven, Ren\u00e9 Balderas, y a otra persona del sexo masculino, que fueron trasladadas a un hospital de la capital.<\/p>\n\n\n\n<p>El hecho ocurri\u00f3 durante la tarde en la carretera federal Oaxaca-Istmo, a la altura de San Francisco Lachigol\u00f3; no obstante, hasta el momento no hay confirmaci\u00f3n oficial de la agresi\u00f3n.<\/p>\n","protected":false},"excerpt":{"rendered":"<p>Raymundo Morales\/Zona Roja. Oaxaca de Ju\u00e1rez, Oax., a 24 de diciembre de 2024.- Una persona&hellip;<\/p>\n","protected":false},"author":2,"featured_media":75798,"comment_status":"closed","ping_status":"open","sticky":false,"template":"","format":"standard","meta":{"_lmt_disableupdate":"","_lmt_disable":"","_jetpack_memberships_contains_paid_content":false,"footnotes":""},"categories":[109,51],"tags":[4060],"class_list":["post-75797","post","type-post","status-publish","format-standard","has-post-thumbnail","hentry","category-minuto-a-minuto","category-zona-roja","tag-asesinato-pinotepa-nacional"],"jetpack_featured_media_url":"https:\/\/zonaroja.com.mx\/wp-content\/uploads\/2024\/12\/Asesinado-en-Pinotepa-Nacional.jpg","jetpack_sharing_enabled":true,"_links":{"self":[{"href":"https:\/\/zonaroja.com.mx\/index.php?rest_route=\/wp\/v2\/posts\/75797","targetHints":{"allow":["GET"]}}],"collection":[{"href":"https:\/\/zonaroja.com.mx\/index.php?rest_route=\/wp\/v2\/posts"}],"about":[{"href":"https:\/\/zonaroja.com.mx\/index.php?rest_route=\/wp\/v2\/types\/post"}],"author":[{"embeddable":true,"href":"https:\/\/zonaroja.com.mx\/index.php?rest_route=\/wp\/v2\/users\/2"}],"replies":[{"embeddable":true,"href":"https:\/\/zonaroja.com.mx\/index.php?rest_route=%2Fwp%2Fv2%2Fcomments&post=75797"}],"version-history":[{"count":1,"href":"https:\/\/zonaroja.com.mx\/index.php?rest_route=\/wp\/v2\/posts\/75797\/revisions"}],"predecessor-version":[{"id":75799,"href":"https:\/\/zonaroja.com.mx\/index.php?rest_route=\/wp\/v2\/posts\/75797\/revisions\/75799"}],"wp:featuredmedia":[{"embeddable":true,"href":"https:\/\/zonaroja.com.mx\/index.php?rest_route=\/wp\/v2\/media\/75798"}],"wp:attachment":[{"href":"https:\/\/zonaroja.com.mx\/index.php?rest_route=%2Fwp%2Fv2%2Fmedia&parent=75797"}],"wp:term":[{"taxonomy":"category","embeddable":true,"href":"https:\/\/zonaroja.com.mx\/index.php?rest_route=%2Fwp%2Fv2%2Fcategories&post=75797"},{"taxonomy":"post_tag","embeddable":true,"href":"https:\/\/zonaroja.com.mx\/index.php?rest_route=%2Fwp%2Fv2%2Ftags&post=75797"}],"curies":[{"name":"wp","href":"https:\/\/api.w.org\/{rel}","templated":true}]}}