{"id":7580,"date":"2020-01-11T19:58:52","date_gmt":"2020-01-12T01:58:52","guid":{"rendered":"http:\/\/www.zonaroja.com.mx\/?p=7580"},"modified":"2020-01-11T19:58:56","modified_gmt":"2020-01-12T01:58:56","slug":"repudian-nueve-rectores-reforma-a-la-ley-organica-de-universidad-de-nayarit","status":"publish","type":"post","link":"https:\/\/zonaroja.com.mx\/?p=7580","title":{"rendered":"Repudian nueve rectores reforma a la Ley Org\u00e1nica de Universidad de Nayarit"},"content":{"rendered":"\n<p>Redacci\u00f3n\/Zona Roja Cdmx.<\/p>\n\n\n\n<p>Ciudad de M\u00e9xico, 11 de\nenero de 2020.- Nueve rectores de instituciones p\u00fablicas de educaci\u00f3n superior\nrepudiaron la reforma a la Ley Org\u00e1nica de la Universidad Aut\u00f3noma de Nayarit\n(UAN), aprobada el 4 de enero por el Congreso de esa entidad, a propuesta del\ngobernador panista Antonio Echavarr\u00eda Garc\u00eda, sin tomar en cuenta a los\ntrabajadores y autoridades de la casa de estudios, pues se trat\u00f3 de una\ninadmisible vulneraci\u00f3n de su autonom\u00eda.<\/p>\n\n\n\n<p>Los rectores que se\npronunciaron en contra son los de las universidades Aut\u00f3noma de Aguascalientes\n(UAA), Francisco Avelar Gonz\u00e1lez; Colima (UdeC), Jos\u00e9 Eduardo Hern\u00e1ndez Nava;\nGuanajuato (UG), Luis Felipe Guerrero Agripino; Michoacana de San Nicol\u00e1s de\nHidalgo (Umsnh), Ra\u00fal C\u00e1rdenas Navarro; Aut\u00f3noma del Estado de Morelos (UAEM),\nGustavo Urquiza Beltr\u00e1n; Veracruzana (UV), Sara Ladr\u00f3n de Guevara; de\nGuadalajara (UdeG), Ricardo Villanueva Lomel\u00ed; Aut\u00f3noma del Estado de Hidalgo\n(UAEH), Adolfo Pontigo Loyola, y el de la propia UAN, Ignacio Pe\u00f1a Gonz\u00e1lez.<\/p>\n\n\n\n<p>Los de la UAA, UdeC, UG,\nUmsnh, UAN y UdeG, a su vez agrupados en la Regi\u00f3n Centro Occidente de la\nAsociaci\u00f3n Nacional de Universidades de Instituciones de Educaci\u00f3n Superior\n(Anuies), dieron a conocer un manifiesto conjunto en el que rechazaron la\nactuaci\u00f3n de los poderes Ejecutivo y Legislativo de Nayarit, al aprobarse las\nreformas a la Ley Org\u00e1nica de la UAN, que limitan las facultades de su\ncomunidad para autogobernarse y, con ello, ejercer sus libertades acad\u00e9micas.<\/p>\n\n\n\n<p>Criticaron que los cambios\nnormativos fueron resultado de la presentaci\u00f3n de una iniciativa de manera\nunilateral; es decir, el contenido de las modificaciones jam\u00e1s se dio a conocer\nentre la comunidad universitaria y mucho menos se puso a consideraci\u00f3n de los\n\u00f3rganos colegiados de la UAN.<\/p>\n\n\n\n<p>Por ello, exhortamos al\nCongreso nayarita a reconsiderar el caso y derogar las reformas, para que sean\npuestas a discusi\u00f3n y deliberaci\u00f3n por parte de la comunidad universitaria.\nExpresaron solidaridad con la UAN en la defensa de su autonom\u00eda.<\/p>\n\n\n\n<p>El rector de la UAEM,\nGustavo Urquiza Beltr\u00e1n, opin\u00f3 que la iniciativa aprobada por el Congreso de\nNayarit \u201cconstituye una flagrante violaci\u00f3n, pues es contraria al esp\u00edritu y a\nla letra de lo que, en referencia a la autonom\u00eda, estipula la fracci\u00f3n s\u00e9ptima\ndel art\u00edculo tercero de la Constituci\u00f3n mexicana. Por ello llam\u00f3 a reponer el\nproceso legislativo con la participaci\u00f3n de la comunidad y autoridades\nuniversitarias.<\/p>\n\n\n\n<p>Consider\u00f3 que el\nprocedimiento para realizar las modificaciones es inaceptable por\nantidemocr\u00e1tico, pues fue llevado a cabo de manera unilateral, sin escuchar la\nvoz de los universitarios a trav\u00e9s de un di\u00e1logo amplio y profundo con los\ncuerpos colegiados y la comunidad acad\u00e9mica.<\/p>\n\n\n\n<p>El rector de la UdeG,\nRicardo Villanueva Lomel\u00ed, consider\u00f3 que la autonom\u00eda de las universidades es\nuna conquista hist\u00f3rica a favor de la humanidad; la libertad de pensamiento\nsiempre ha sufrido ataques pero gracias a ella los humanos hemos conseguido\ngrandes avances cient\u00edficos pero sobre todo sociales.<\/p>\n\n\n\n<p>En una serie de\npublicaciones realizadas este viernes a trav\u00e9s de sus redes sociales, pidi\u00f3\nimaginar un M\u00e9xico para nuestros nietos sin las universidades p\u00fablicas, o estas\nmismas sin libertad de c\u00e1tedra y capacidad de cr\u00edtica al poder. La democracia\nmexicana no podr\u00eda entenderse sin el movimiento estudiantil de 1968, por\nejemplo.<\/p>\n\n\n\n<p>Reconoci\u00f3 que existen\nproblemas administrativos que deben ser corregidos; se tiene que sanear a las\ninstituciones de educaci\u00f3n superior con problemas estructurales, y pidi\u00f3\nacompa\u00f1ar al presidente Andr\u00e9s Manuel L\u00f3pez Obrador en la lucha contra la\ncorrupci\u00f3n y perseguir a los culpables de dicha conducta en las casas de\nestudio, \u201cpero al mismo tiempo proteger la autonom\u00eda que cost\u00f3 siglos\nconquistar.<\/p>\n\n\n\n<p>Las universidades tenemos\nmuch\u00edsimas cosas por mejorar, como todas las instituciones, pero tambi\u00e9n hemos\nsido los grandes actores en las transformaciones profundas en todos los pa\u00edses,\nafirm\u00f3.<\/p>\n\n\n\n<p>RESPALDO DE LA UDEG<\/p>\n\n\n\n<p>Villanueva adem\u00e1s dijo que\nla UdeG ofrece todo su apoyo \u201ca las universidades que est\u00e1n dando la batalla\npor defender su soberan\u00eda, en referencia a las aut\u00f3nomas de los estados de\nM\u00e9xico, Sinaloa, Aguascalientes, Baja California y Colima, donde ha habido\nintentos legislativos para que haya intromisi\u00f3n externa en las casas de\nestudio.<\/p>\n\n\n\n<p>Al respecto, el rector de la\nUMSNH, Ra\u00fal C\u00e1rdenas Navarro, exhort\u00f3 a la legislatura de Nayarit a\nreconsiderar, y en su caso, derogar la reforma a la ley org\u00e1nica de la UAN,\nporque fue a espaldas dela comunidad universitaria.<\/p>\n\n\n\n<p>Exigi\u00f3 respeto a los\ntrabajadores y autoridades de esa instituci\u00f3n, sobre todo en estos tiempos en\nlos que hay serios problemas financieros en las instituciones de educaci\u00f3n\nsuperior.<\/p>\n\n\n\n<p>La rectora de la UV, Sara\nLadr\u00f3n de Guevara, manifest\u00f3 en Twitter: rectoras y rectores de universidades\np\u00fablicas aut\u00f3nomas expresamos nuestro total rechazo al procedimiento llevado a\ncabo por el Congreso de Nayarit que reforma la Ley Org\u00e1nica de la UAN.<\/p>\n\n\n\n<p>Adolfo Pontigo Loyola,\nrector de la UAEH, puntualiz\u00f3: manifiesto mi rechazo absoluto a una violaci\u00f3n\nfragante de la Constituci\u00f3n que est\u00e1 perfectamente definida en el art\u00edculo\ntercero, fracci\u00f3n s\u00e9ptima.<\/p>\n\n\n\n<p>En entrevista, explic\u00f3 que\nlas universidades p\u00fablicas caminan sobre tres vertientes fundamentales: la\nautonom\u00eda org\u00e1nica, que tiene que ver con todo el marco legal; la t\u00e9cnica,\nrelativa a su desarrollo acad\u00e9mico y la financiera , ligada al manejo de sus\npropios recursos.<\/p>\n\n\n\n<p>Claudio Ba\u00f1uelos, Rubicela\nMorelos, Ernesto Mart\u00ednez, Juan Carlos Partida, Eirinet G\u00f3mez y Juan Ricardo\nMontoya<\/p>\n\n\n\n<p>(Informaci\u00f3n de \u201cLa Jornada\u201d)<\/p>\n","protected":false},"excerpt":{"rendered":"<p>Redacci\u00f3n\/Zona Roja Cdmx. Ciudad de M\u00e9xico, 11 de enero de 2020.- Nueve rectores de instituciones&hellip;<\/p>\n","protected":false},"author":2,"featured_media":7581,"comment_status":"closed","ping_status":"open","sticky":false,"template":"","format":"standard","meta":{"_lmt_disableupdate":"","_lmt_disable":"","_jetpack_memberships_contains_paid_content":false,"footnotes":""},"categories":[109,47],"tags":[1269],"class_list":["post-7580","post","type-post","status-publish","format-standard","has-post-thumbnail","hentry","category-minuto-a-minuto","category-zona-gris","tag-universidad-autonoma-de-nayarit"],"jetpack_featured_media_url":"https:\/\/zonaroja.com.mx\/wp-content\/uploads\/2020\/01\/Nayatit.jpg","jetpack_sharing_enabled":true,"_links":{"self":[{"href":"https:\/\/zonaroja.com.mx\/index.php?rest_route=\/wp\/v2\/posts\/7580","targetHints":{"allow":["GET"]}}],"collection":[{"href":"https:\/\/zonaroja.com.mx\/index.php?rest_route=\/wp\/v2\/posts"}],"about":[{"href":"https:\/\/zonaroja.com.mx\/index.php?rest_route=\/wp\/v2\/types\/post"}],"author":[{"embeddable":true,"href":"https:\/\/zonaroja.com.mx\/index.php?rest_route=\/wp\/v2\/users\/2"}],"replies":[{"embeddable":true,"href":"https:\/\/zonaroja.com.mx\/index.php?rest_route=%2Fwp%2Fv2%2Fcomments&post=7580"}],"version-history":[{"count":1,"href":"https:\/\/zonaroja.com.mx\/index.php?rest_route=\/wp\/v2\/posts\/7580\/revisions"}],"predecessor-version":[{"id":7582,"href":"https:\/\/zonaroja.com.mx\/index.php?rest_route=\/wp\/v2\/posts\/7580\/revisions\/7582"}],"wp:featuredmedia":[{"embeddable":true,"href":"https:\/\/zonaroja.com.mx\/index.php?rest_route=\/wp\/v2\/media\/7581"}],"wp:attachment":[{"href":"https:\/\/zonaroja.com.mx\/index.php?rest_route=%2Fwp%2Fv2%2Fmedia&parent=7580"}],"wp:term":[{"taxonomy":"category","embeddable":true,"href":"https:\/\/zonaroja.com.mx\/index.php?rest_route=%2Fwp%2Fv2%2Fcategories&post=7580"},{"taxonomy":"post_tag","embeddable":true,"href":"https:\/\/zonaroja.com.mx\/index.php?rest_route=%2Fwp%2Fv2%2Ftags&post=7580"}],"curies":[{"name":"wp","href":"https:\/\/api.w.org\/{rel}","templated":true}]}}