{"id":75807,"date":"2024-12-24T18:13:00","date_gmt":"2024-12-25T00:13:00","guid":{"rendered":"https:\/\/zonaroja.com.mx\/?p=75807"},"modified":"2024-12-24T17:22:01","modified_gmt":"2024-12-24T23:22:01","slug":"opinion-navidad-desde-las-voces-de-la-ausencia","status":"publish","type":"post","link":"https:\/\/zonaroja.com.mx\/?p=75807","title":{"rendered":"Opini\u00f3n. Navidad desde las Voces de la Ausencia"},"content":{"rendered":"\n<p>Ver\u00f3nica Villalvazo (Frida Guerrera)<\/p>\n\n\n\n<p class=\"has-text-align-right\"><em>Desde hace a\u00f1os que te arrancaron de mi vida. La Navidad ya no es igual para m\u00ed. Mi vida cambi\u00f3, las luces ya no brillan igual, est\u00e1n opacas, no s\u00e9 si alg\u00fan d\u00eda vuelvan a brillar,\u00a0como cuando estabas\u00a0t\u00fa,\u00a0hija querida.<\/em><\/p>\n\n\n\n<p>El 28 de julio de 2021. Fue en un lote,&nbsp;de la calle R\u00edo Coatzacoalcos, en el barrio de San Miguel, en el municipio de Temascalapa, en el Estado de M\u00e9xico. Muy cerca de su casa, localizada sin vida, Adilene.&nbsp;<\/p>\n\n\n\n<p>Era un terreno donde viv\u00edan varios hermanos, entre ellos Gloria y Rolando, padres de Adilene. Agust\u00edn y Lilia. Reinaldo era hijastro de Agust\u00edn; fueron las \u00faltimas personas en ver viva a la peque\u00f1a de 12 a\u00f1os, lamentablemente. Agust\u00edn, Lilia y Reinaldo huyeron del lugar, despu\u00e9s de que localizaran a la peque\u00f1a sin vida.&nbsp;<\/p>\n\n\n\n<p>Las investigaciones&nbsp;de las autoridades, han arrojado que,&nbsp;Reinaldo, presuntamente,&nbsp;fue quien asesin\u00f3 a la peque\u00f1a Adilene. Hasta el momento,&nbsp;no han sido localizados,&nbsp;y se encuentran,&nbsp;en calidad de pr\u00f3fugos.&nbsp;<\/p>\n\n\n\n<p>Hoy Rolando, triste, resentido, enojado, redacta estas l\u00edneas del dolor. Desde ese 28 de julio, la vida les fue arrancada a los padres de la inocente. Gente buena, trabajadora, y quienes a\u00fan no entienden. \u00bfPor qu\u00e9 les hicieron tanto da\u00f1o?<\/p>\n\n\n\n<p>Agust\u00edn, cobarde, se comunic\u00f3 v\u00eda telef\u00f3nica con su mam\u00e1, solo para decirle. \u201cPerd\u00f3n\u201d. Desde entonces el sujeto no se ha vuelto a comunicar.&nbsp;<\/p>\n\n\n\n<p>Aqu\u00ed las l\u00edneas que Rolando, escribi\u00f3 desde el infierno, que a diario viven, para su peque\u00f1a \u201cAbejita\u201d, como la llamaba cari\u00f1osamente. Con la ilusi\u00f3n que,&nbsp;todas est\u00e1s familias. Las&nbsp;Voces de la Ausencia, tienen. Que lleguen al cielo, hasta d\u00f3nde est\u00e1n.<\/p>\n\n\n\n<p>*******<\/p>\n\n\n\n<p>\u201cEl 6 de diciembre de 2008 fue un d\u00eda muy importante para m\u00ed, ya que llegaste a mi vida, hija Adilene, mi ni\u00f1a hermosa, cuando te tom\u00e9 entre mis brazos. Fue algo muy especial, muy hermoso, que llegaste en tiempos de Navidad. Desde ese&nbsp;momento,&nbsp;mi vida era m\u00e1s feliz. Recuerdo aquellos d\u00edas cuando comenzabas a dar tus primeros pasos.&nbsp;<\/p>\n\n\n\n<p>Pronto comenzaste a caminar, ya que eras una ni\u00f1a muy&nbsp;inteligente, pronto creciste y celebramos tus 3 a\u00f1os, jug\u00e1bamos con el payaso que&nbsp;estuvo&nbsp;en tu fiesta,&nbsp;y a tu pastel, c\u00f3mo le mord\u00edas,&nbsp;sin miedo a que,&nbsp;te empujaran hacia \u00e9l,&nbsp;y te embarrar\u00e1s tu boquita.&nbsp;<\/p>\n\n\n\n<p>Tambi\u00e9n,&nbsp;recuerdo mucho,&nbsp;cuando jug\u00e1bamos juntos,&nbsp;el d\u00eda del ni\u00f1o, el d\u00eda de la mam\u00e1, del pap\u00e1, todos en familia.&nbsp;Son muchos los recuerdos&nbsp;junto a ti.&nbsp;<\/p>\n\n\n\n<p>Luego, a pesar de que,&nbsp;todav\u00eda eras una ni\u00f1a, eras la que&nbsp;comenzaba a organizar los convivios navide\u00f1os,&nbsp;y a tus primos. Cuando hac\u00edamos las pi\u00f1atas t\u00fa, tu mami, hermana y yo, aunque no nos quedara bien, t\u00fa te emocionabas mucho;&nbsp;y cuando,pon\u00edamos el peque\u00f1o arbolito de Navidad,&nbsp;y su nacimiento,&nbsp;eleg\u00edas&nbsp;qu\u00e9,&nbsp;animalitos pon\u00edamos,&nbsp;y sus luces.<\/p>\n\n\n\n<p>Se llegaba el d\u00eda 24 de diciembre,&nbsp;d\u00eda de la Navidad,&nbsp;y arrullamos al ni\u00f1o Dios;&nbsp;t\u00fa organizabas mi ni\u00f1a, c\u00f3mo olvidar,&nbsp;esos a\u00f1os que,&nbsp;pasamos juntos en fiestas, juegos,&nbsp;reuniones, chistes, bromas.&nbsp;<\/p>\n\n\n\n<p>Quisiera decirte tantas cosas, pero no puedo, tan solo en pensar en ti,&nbsp;que ya no est\u00e1s a mi lado, se me rompe el coraz\u00f3n,&nbsp;al volver a recordar esos d\u00edas de amarguras que.&nbsp;Me est\u00e1n matando por dentro.&nbsp;No puedo m\u00e1s.&nbsp;<\/p>\n\n\n\n<p>Desde hace a\u00f1os que te arrancaron de mi vida. La Navidad ya no es igual para m\u00ed. Mi vida cambi\u00f3, las luces ya no brillan igual, est\u00e1n opacas, no s\u00e9 si alg\u00fan d\u00eda vuelvan a brillar,&nbsp;como cuando estabas&nbsp;t\u00fa,&nbsp;hija querida. Te amo, siempre te amar\u00e9. Siempre te recordar\u00e9 y estar\u00e1s en mi coraz\u00f3n\u2026&nbsp;<\/p>\n\n\n\n<p>Hija querida, mi&nbsp;\u201cAbejita\u201d.&nbsp;Tu pap\u00e1 Rolando. \u00a1Te AMO!<\/p>\n\n\n\n<p>******<\/p>\n\n\n\n<p>Eres madre, padre, hermana, hermano, hija, hijo. De una mujer v\u00edctima de feminicidio, desaparici\u00f3n, o intento de feminicidio: b\u00fascame, ay\u00fadame a visualizarlas y contar su historia. Voces de la Ausencia.<\/p>\n\n\n\n<p>&nbsp;P.D. Cada uno de los textos expuestos en este espacio, son con autorizaci\u00f3n y acompa\u00f1amiento de las v\u00edctimas. Porque s\u00f3lo somos, la extensi\u00f3n de su grito de justicia.<\/p>\n\n\n\n<p>@FridaGuerrera<\/p>\n\n\n\n<p>@vocesDLAusencia<\/p>\n","protected":false},"excerpt":{"rendered":"<p>Ver\u00f3nica Villalvazo (Frida Guerrera) Desde hace a\u00f1os que te arrancaron de mi vida. La Navidad&hellip;<\/p>\n","protected":false},"author":2,"featured_media":69816,"comment_status":"closed","ping_status":"open","sticky":false,"template":"","format":"standard","meta":{"_lmt_disableupdate":"","_lmt_disable":"","_jetpack_memberships_contains_paid_content":false,"footnotes":""},"categories":[456,109],"tags":[1377],"class_list":["post-75807","post","type-post","status-publish","format-standard","has-post-thumbnail","hentry","category-columna","category-minuto-a-minuto","tag-frida-guerrera-villalvazo"],"jetpack_featured_media_url":"https:\/\/zonaroja.com.mx\/wp-content\/uploads\/2024\/06\/Frida-Guerrera-Veronica-Villalvazo.jpg","jetpack_sharing_enabled":true,"_links":{"self":[{"href":"https:\/\/zonaroja.com.mx\/index.php?rest_route=\/wp\/v2\/posts\/75807","targetHints":{"allow":["GET"]}}],"collection":[{"href":"https:\/\/zonaroja.com.mx\/index.php?rest_route=\/wp\/v2\/posts"}],"about":[{"href":"https:\/\/zonaroja.com.mx\/index.php?rest_route=\/wp\/v2\/types\/post"}],"author":[{"embeddable":true,"href":"https:\/\/zonaroja.com.mx\/index.php?rest_route=\/wp\/v2\/users\/2"}],"replies":[{"embeddable":true,"href":"https:\/\/zonaroja.com.mx\/index.php?rest_route=%2Fwp%2Fv2%2Fcomments&post=75807"}],"version-history":[{"count":1,"href":"https:\/\/zonaroja.com.mx\/index.php?rest_route=\/wp\/v2\/posts\/75807\/revisions"}],"predecessor-version":[{"id":75808,"href":"https:\/\/zonaroja.com.mx\/index.php?rest_route=\/wp\/v2\/posts\/75807\/revisions\/75808"}],"wp:featuredmedia":[{"embeddable":true,"href":"https:\/\/zonaroja.com.mx\/index.php?rest_route=\/wp\/v2\/media\/69816"}],"wp:attachment":[{"href":"https:\/\/zonaroja.com.mx\/index.php?rest_route=%2Fwp%2Fv2%2Fmedia&parent=75807"}],"wp:term":[{"taxonomy":"category","embeddable":true,"href":"https:\/\/zonaroja.com.mx\/index.php?rest_route=%2Fwp%2Fv2%2Fcategories&post=75807"},{"taxonomy":"post_tag","embeddable":true,"href":"https:\/\/zonaroja.com.mx\/index.php?rest_route=%2Fwp%2Fv2%2Ftags&post=75807"}],"curies":[{"name":"wp","href":"https:\/\/api.w.org\/{rel}","templated":true}]}}