{"id":75811,"date":"2024-12-25T07:45:00","date_gmt":"2024-12-25T13:45:00","guid":{"rendered":"https:\/\/zonaroja.com.mx\/?p=75811"},"modified":"2024-12-25T06:48:26","modified_gmt":"2024-12-25T12:48:26","slug":"suman-dos-asesinados-en-pinotepa-nacional-en-vispera-de-navidad","status":"publish","type":"post","link":"https:\/\/zonaroja.com.mx\/?p=75811","title":{"rendered":"Suman dos asesinados en Pinotepa Nacional, en v\u00edspera de Navidad"},"content":{"rendered":"\n<p>Raymundo Morales\/Zona Roja.<\/p>\n\n\n\n<p>Oaxaca de Ju\u00e1rez, Oax., a 25 de diciembre de 2024.- Una segunda persona fue asesinada en Santiago Pinotepa Nacional, en la v\u00edspera de Navidad.<\/p>\n\n\n\n<p>El crimen se perpetr\u00f3 ayer en la localidad El Ciruelo y la v\u00edctima fue identificada de manera preliminar como Jaime E. L.<\/p>\n\n\n\n<p>De acuerdo con reportes policiacos, fue ayer por la noche en que atacaron al individuo, en una vialidad de dicha localidad de la regi\u00f3n coste\u00f1a, tras lo cual el o los delincuentes huyeron de la zona.<\/p>\n\n\n\n<p>Tras ello, personal de la Vicefiscal\u00eda Regional de la Costa inici\u00f3 la carpeta de investigaci\u00f3n correspondiente.<\/p>\n\n\n\n<p>En tanto, fue ayer en la madrugada en el interior de un bar, en que ultimaron a balazos a un hombre.<\/p>\n\n\n\n<p>Alrededor de las 04:30 horas se escucharon m\u00faltiples disparos de arma de fuego en el establecimiento ubicado en la calle 7 Sur y avenida Aguirre Palancares.<\/p>\n\n\n\n<p>Param\u00e9dicos confirmaron que ya no contaba con signos vitales, por lo cual la autoridad ministerial inici\u00f3 las indagatorias correspondientes.<\/p>\n","protected":false},"excerpt":{"rendered":"<p>Raymundo Morales\/Zona Roja. Oaxaca de Ju\u00e1rez, Oax., a 25 de diciembre de 2024.- Una segunda&hellip;<\/p>\n","protected":false},"author":2,"featured_media":68049,"comment_status":"closed","ping_status":"open","sticky":false,"template":"","format":"standard","meta":{"_lmt_disableupdate":"","_lmt_disable":"","_jetpack_memberships_contains_paid_content":false,"footnotes":""},"categories":[109,51],"tags":[4060],"class_list":["post-75811","post","type-post","status-publish","format-standard","has-post-thumbnail","hentry","category-minuto-a-minuto","category-zona-roja","tag-asesinato-pinotepa-nacional"],"jetpack_featured_media_url":"https:\/\/zonaroja.com.mx\/wp-content\/uploads\/2024\/05\/Policia-escena-del-crimen-homicidio.jpg","jetpack_sharing_enabled":true,"_links":{"self":[{"href":"https:\/\/zonaroja.com.mx\/index.php?rest_route=\/wp\/v2\/posts\/75811","targetHints":{"allow":["GET"]}}],"collection":[{"href":"https:\/\/zonaroja.com.mx\/index.php?rest_route=\/wp\/v2\/posts"}],"about":[{"href":"https:\/\/zonaroja.com.mx\/index.php?rest_route=\/wp\/v2\/types\/post"}],"author":[{"embeddable":true,"href":"https:\/\/zonaroja.com.mx\/index.php?rest_route=\/wp\/v2\/users\/2"}],"replies":[{"embeddable":true,"href":"https:\/\/zonaroja.com.mx\/index.php?rest_route=%2Fwp%2Fv2%2Fcomments&post=75811"}],"version-history":[{"count":1,"href":"https:\/\/zonaroja.com.mx\/index.php?rest_route=\/wp\/v2\/posts\/75811\/revisions"}],"predecessor-version":[{"id":75812,"href":"https:\/\/zonaroja.com.mx\/index.php?rest_route=\/wp\/v2\/posts\/75811\/revisions\/75812"}],"wp:featuredmedia":[{"embeddable":true,"href":"https:\/\/zonaroja.com.mx\/index.php?rest_route=\/wp\/v2\/media\/68049"}],"wp:attachment":[{"href":"https:\/\/zonaroja.com.mx\/index.php?rest_route=%2Fwp%2Fv2%2Fmedia&parent=75811"}],"wp:term":[{"taxonomy":"category","embeddable":true,"href":"https:\/\/zonaroja.com.mx\/index.php?rest_route=%2Fwp%2Fv2%2Fcategories&post=75811"},{"taxonomy":"post_tag","embeddable":true,"href":"https:\/\/zonaroja.com.mx\/index.php?rest_route=%2Fwp%2Fv2%2Ftags&post=75811"}],"curies":[{"name":"wp","href":"https:\/\/api.w.org\/{rel}","templated":true}]}}