{"id":75816,"date":"2024-12-25T09:57:00","date_gmt":"2024-12-25T15:57:00","guid":{"rendered":"https:\/\/zonaroja.com.mx\/?p=75816"},"modified":"2024-12-25T07:00:12","modified_gmt":"2024-12-25T13:00:12","slug":"mata-en-la-cdmx-a-su-tia-y-su-sobrina-originarias-de-oaxaca","status":"publish","type":"post","link":"https:\/\/zonaroja.com.mx\/?p=75816","title":{"rendered":"Mata en la Cdmx a su t\u00eda y su sobrina, originarias de Oaxaca"},"content":{"rendered":"\n<p>Redacci\u00f3n\/Zona Roja Cdmx.<\/p>\n\n\n\n<p>Ciudad de M\u00e9xico, a 25 de diciembre de 2024.- En v\u00edsperas de la Navidad, Alexis \u201cN\u201d asesin\u00f3 a dos de sus familiares que viajaron de Oaxaca para pasar las fiestas en la alcald\u00eda Tlalpan; el doble feminicida fue arrestado horas despu\u00e9s de cometer el crimen.<\/p>\n\n\n\n<p>De acuerdo con informaci\u00f3n oficial, Alexis \u201dN\u201d atac\u00f3 a su t\u00eda Minerva \u201cN\u201d ,de 31 a\u00f1os, y a su hija Dayana \u201cN\u201d, de s\u00f3lo dos a\u00f1os de edad, durante la tarde del 23 de diciembre en un predio de la colonia San Miguel Topilejo.<\/p>\n\n\n\n<p>El doble feminicidio provoc\u00f3 el despliegue de elementos de la Polic\u00eda de Investigaci\u00f3n (PDI) y de la Secretar\u00eda de Seguridad Ciudadana (SSC) para realizar el levantamiento de los cuerpos y la b\u00fasqueda del principal sospechoso, un joven de 20 a\u00f1os de edad.<\/p>\n\n\n\n<p>Fue el esposo de Minerva quien habr\u00eda descubierto el doble crimen, por lo que dio aviso a las autoridades de la Ciudad de M\u00e9xico. Hasta el momento se desconoce el m\u00f3vil del crimen; sin embargo, el periodista Juan Carlos Alarc\u00f3n inform\u00f3 que un video de seguridad permite ver a Alexis \u201cN\u201d tomar un artefacto y entrar al sitio donde m\u00e1s tarde encontraron a ambas v\u00edctimas, s\u00f3lo para salir segundos despu\u00e9s y huir a bordo de un autom\u00f3vil marca Volkswagen con placas de circulaci\u00f3n (PBT-1034) del Estado de M\u00e9xico.<\/p>\n\n\n\n<p>A\u00fan sin tener informaci\u00f3n oficial de parte de las autoridades de la Ciudad de M\u00e9xico, el periodista Antonio Nieto comparti\u00f3 im\u00e1genes de la escena del crimen, donde param\u00e9dicos del Escuadr\u00f3n de Rescate y Urgencias M\u00e9dicas (ERUM) suben a una ambulancia los cuerpos de las v\u00edctimas.<\/p>\n\n\n\n<p>De manera extraoficial se ha reportado que tanto Minerva \u201cN\u201d como Dayana \u201cN\u201d ten\u00edan golpes y heridas en diversas partes del cuerpo.<\/p>\n\n\n\n<p>En tanto, Antonio Nieto comparti\u00f3 una imagen del sospechoso, al parecer ya capturado por la SSC; el periodista agreg\u00f3 en su publicaci\u00f3n que el joven fue detenido cuando se dispon\u00eda a comprar droga y que en el interior del veh\u00edculo en el que viajaba, las autoridades hallaron un marro y un cuchillo, presuntas armas con las que asesin\u00f3 a su t\u00eda y prima.<\/p>\n\n\n\n<p>Hasta el momento s\u00f3lo se ha difundido (extraoficialmente) que tanto las v\u00edctimas como el presunto feminicida eran originarios de la comunidad El Fort\u00edn Alto, perteneciente al municipio de San Miguel Chicahua, Oaxaca, y que hab\u00edan viajado a la Ciudad de M\u00e9xico para pasar la Navidad en casa de sus familiares, cerca del kil\u00f3metro 32 de la carretera federal M\u00e9xico-Cuernavaca.<\/p>\n\n\n\n<p>(Informaci\u00f3n de Infobae M\u00e9xico)<\/p>\n","protected":false},"excerpt":{"rendered":"<p>Redacci\u00f3n\/Zona Roja Cdmx. Ciudad de M\u00e9xico, a 25 de diciembre de 2024.- En v\u00edsperas de&hellip;<\/p>\n","protected":false},"author":2,"featured_media":75817,"comment_status":"closed","ping_status":"open","sticky":false,"template":"","format":"standard","meta":{"_lmt_disableupdate":"","_lmt_disable":"","_jetpack_memberships_contains_paid_content":false,"footnotes":""},"categories":[109,51],"tags":[],"class_list":["post-75816","post","type-post","status-publish","format-standard","has-post-thumbnail","hentry","category-minuto-a-minuto","category-zona-roja"],"jetpack_featured_media_url":"https:\/\/zonaroja.com.mx\/wp-content\/uploads\/2024\/12\/Alexis-detenido-Tlalpan-feminicida.png.avif","jetpack_sharing_enabled":true,"_links":{"self":[{"href":"https:\/\/zonaroja.com.mx\/index.php?rest_route=\/wp\/v2\/posts\/75816","targetHints":{"allow":["GET"]}}],"collection":[{"href":"https:\/\/zonaroja.com.mx\/index.php?rest_route=\/wp\/v2\/posts"}],"about":[{"href":"https:\/\/zonaroja.com.mx\/index.php?rest_route=\/wp\/v2\/types\/post"}],"author":[{"embeddable":true,"href":"https:\/\/zonaroja.com.mx\/index.php?rest_route=\/wp\/v2\/users\/2"}],"replies":[{"embeddable":true,"href":"https:\/\/zonaroja.com.mx\/index.php?rest_route=%2Fwp%2Fv2%2Fcomments&post=75816"}],"version-history":[{"count":1,"href":"https:\/\/zonaroja.com.mx\/index.php?rest_route=\/wp\/v2\/posts\/75816\/revisions"}],"predecessor-version":[{"id":75818,"href":"https:\/\/zonaroja.com.mx\/index.php?rest_route=\/wp\/v2\/posts\/75816\/revisions\/75818"}],"wp:featuredmedia":[{"embeddable":true,"href":"https:\/\/zonaroja.com.mx\/index.php?rest_route=\/wp\/v2\/media\/75817"}],"wp:attachment":[{"href":"https:\/\/zonaroja.com.mx\/index.php?rest_route=%2Fwp%2Fv2%2Fmedia&parent=75816"}],"wp:term":[{"taxonomy":"category","embeddable":true,"href":"https:\/\/zonaroja.com.mx\/index.php?rest_route=%2Fwp%2Fv2%2Fcategories&post=75816"},{"taxonomy":"post_tag","embeddable":true,"href":"https:\/\/zonaroja.com.mx\/index.php?rest_route=%2Fwp%2Fv2%2Ftags&post=75816"}],"curies":[{"name":"wp","href":"https:\/\/api.w.org\/{rel}","templated":true}]}}