{"id":75821,"date":"2024-12-25T11:22:00","date_gmt":"2024-12-25T17:22:00","guid":{"rendered":"https:\/\/zonaroja.com.mx\/?p=75821"},"modified":"2024-12-25T07:26:11","modified_gmt":"2024-12-25T13:26:11","slug":"asesinan-a-organizador-de-fiestas-navidenas-en-chilpancingo","status":"publish","type":"post","link":"https:\/\/zonaroja.com.mx\/?p=75821","title":{"rendered":"Asesinan a organizador de fiestas navide\u00f1as en Chilpancingo"},"content":{"rendered":"\n<p>Redacci\u00f3n\/Zona Roja Cdmx.<\/p>\n\n\n\n<p>Ciudad de M\u00e9xico, a 25 de diciembre de 2024.- Mart\u00edn Roberto Ram\u00edrez Ruiz, presidente del Patronato de la Feria de San Mateo, Navidad y A\u00f1o Nuevo de Chilpancingo, Guerrero, fue asesinado a balazos, la tarde de este martes 24 de diciembre.<\/p>\n\n\n\n<p>De acuerdo con los reportes, el asesinato ocurri\u00f3 en un ataque armado en el barrio de San Mateo, adem\u00e1s, en los hechos tambi\u00e9n result\u00f3 otro hombre muerto y un menor de edad herido.<\/p>\n\n\n\n<p>El atentado ocurri\u00f3 aproximadamente a las 18:30 horas de este martes, en las inmediaciones de la iglesia del barrio de San Mateo, mientras se llevaban a cabo las preparaciones del recorrido del Teopancalaquis.<\/p>\n\n\n\n<p>La Feria de Navidad es la festividad m\u00e1s importante de Chilpancingo, capital de Guerrero.<\/p>\n\n\n\n<p>De acuerdo con los testigos presenciales, hombres armados se infiltraron entre los danzantes y ciudadanos para acercarse al presidente del Patronato, atac\u00e1ndolo a balazos y provocando su muerte y la de Jos\u00e9 Vidal Nava, uno de los integrantes del patronato.<\/p>\n\n\n\n<p>Al lugar llegaron elementos de la Polic\u00eda Preventiva Municipal, de la Polic\u00eda del Estado y de la Guardia Nacional (GN), quienes acordonaron el \u00e1rea.<\/p>\n\n\n\n<p>M\u00e1s tarde arribaron elementos de los servicios periciales de la Fiscal\u00eda General del Estado (FGE).<\/p>\n\n\n\n<p>El gobierno del estado emiti\u00f3 un comunicado en el que menciona que se movilizaron las corporaciones policiacas de los tres niveles de gobierno para ubicar a los responsables del crimen.<\/p>\n\n\n\n<p>(Informaci\u00f3n de \u201cEl Financiero\u201d)<\/p>\n","protected":false},"excerpt":{"rendered":"<p>Redacci\u00f3n\/Zona Roja Cdmx. Ciudad de M\u00e9xico, a 25 de diciembre de 2024.- Mart\u00edn Roberto Ram\u00edrez&hellip;<\/p>\n","protected":false},"author":2,"featured_media":75822,"comment_status":"closed","ping_status":"open","sticky":false,"template":"","format":"standard","meta":{"_lmt_disableupdate":"","_lmt_disable":"","_jetpack_memberships_contains_paid_content":false,"footnotes":""},"categories":[109,51],"tags":[],"class_list":["post-75821","post","type-post","status-publish","format-standard","has-post-thumbnail","hentry","category-minuto-a-minuto","category-zona-roja"],"jetpack_featured_media_url":"https:\/\/zonaroja.com.mx\/wp-content\/uploads\/2024\/12\/Martin-Roberto-Ramirez-Chilpancingo.jpg","jetpack_sharing_enabled":true,"_links":{"self":[{"href":"https:\/\/zonaroja.com.mx\/index.php?rest_route=\/wp\/v2\/posts\/75821","targetHints":{"allow":["GET"]}}],"collection":[{"href":"https:\/\/zonaroja.com.mx\/index.php?rest_route=\/wp\/v2\/posts"}],"about":[{"href":"https:\/\/zonaroja.com.mx\/index.php?rest_route=\/wp\/v2\/types\/post"}],"author":[{"embeddable":true,"href":"https:\/\/zonaroja.com.mx\/index.php?rest_route=\/wp\/v2\/users\/2"}],"replies":[{"embeddable":true,"href":"https:\/\/zonaroja.com.mx\/index.php?rest_route=%2Fwp%2Fv2%2Fcomments&post=75821"}],"version-history":[{"count":1,"href":"https:\/\/zonaroja.com.mx\/index.php?rest_route=\/wp\/v2\/posts\/75821\/revisions"}],"predecessor-version":[{"id":75823,"href":"https:\/\/zonaroja.com.mx\/index.php?rest_route=\/wp\/v2\/posts\/75821\/revisions\/75823"}],"wp:featuredmedia":[{"embeddable":true,"href":"https:\/\/zonaroja.com.mx\/index.php?rest_route=\/wp\/v2\/media\/75822"}],"wp:attachment":[{"href":"https:\/\/zonaroja.com.mx\/index.php?rest_route=%2Fwp%2Fv2%2Fmedia&parent=75821"}],"wp:term":[{"taxonomy":"category","embeddable":true,"href":"https:\/\/zonaroja.com.mx\/index.php?rest_route=%2Fwp%2Fv2%2Fcategories&post=75821"},{"taxonomy":"post_tag","embeddable":true,"href":"https:\/\/zonaroja.com.mx\/index.php?rest_route=%2Fwp%2Fv2%2Ftags&post=75821"}],"curies":[{"name":"wp","href":"https:\/\/api.w.org\/{rel}","templated":true}]}}