{"id":75826,"date":"2024-12-25T13:29:00","date_gmt":"2024-12-25T19:29:00","guid":{"rendered":"https:\/\/zonaroja.com.mx\/?p=75826"},"modified":"2024-12-25T07:31:22","modified_gmt":"2024-12-25T13:31:22","slug":"endurece-claudia-sheinbaum-lucha-contra-el-crimen-organizado","status":"publish","type":"post","link":"https:\/\/zonaroja.com.mx\/?p=75826","title":{"rendered":"\u00bfEndurece Claudia Sheinbaum lucha contra el crimen organizado?"},"content":{"rendered":"\n<p>Redacci\u00f3n\/Zona Roja Cdmx.<\/p>\n\n\n\n<p>Ciudad de M\u00e9xico, a 25 de diciembre de 2024.- En medio de una nueva ola de violencia, la presidenta de M\u00e9xico, Claudia Sheinbaum, envi\u00f3 a su jefe de seguridad y a miles de tropas para detener una sangrienta escalada de delitos cometidos por c\u00e1rteles de la droga en el estado de Sinaloa, mostrando un cambio en la estrategia nacional de seguridad.<\/p>\n\n\n\n<p>Durante la campa\u00f1a, Sheinbaum hab\u00eda prometido continuar en gran medida con la pol\u00edtica de seguridad de su mentor y predecesor, Andr\u00e9s Manuel L\u00f3pez Obrador, que priorizaba abordar las causas sociales fundamentales del crimen en lugar de atacar a grupos criminales, un enfoque conocido como \u00ababrazos, no balazos\u00bb, en honor a un eslogan del expresidente.<\/p>\n\n\n\n<p>Pero las se\u00f1ales iniciales de sus primeros meses en el cargo sugieren un enfoque m\u00e1s agresivo con un despliegue m\u00e1s sustancial de tropas militares y navales, as\u00ed como fuerzas especiales y armamento pesado en Sinaloa, desde que estall\u00f3 una guerra interna entre c\u00e1rteles en septiembre.<\/p>\n\n\n\n<p>A esto le siguieron arrestos de alto perfil y grandes incautaciones de drogas, incluido un decomiso r\u00e9cord de m\u00e1s de una tonelada del mortal fentanilo.<\/p>\n\n\n\n<p>Esa estrategia m\u00e1s agresiva podr\u00eda encajar bien con el presidente electo Donald Trump, que ha pedido a M\u00e9xico que haga m\u00e1s para detener el flujo de drogas y migrantes a Estados Unidos.<\/p>\n\n\n\n<p>Pero tambi\u00e9n corre el riesgo de inflamar a\u00fan m\u00e1s la violencia y los homicidios, con una posici\u00f3n m\u00e1s confrontativa en un pa\u00eds donde los c\u00e1rteles est\u00e1n fuertemente armados con armas de uso militar, las cuales se asemejan a las que se usan en pa\u00edses en guerra, seg\u00fan especialistas.<\/p>\n\n\n\n<p>La oficina de Sheinbaum no respondi\u00f3 a una solicitud de comentarios.<\/p>\n\n\n\n<p>\u00abHay un cambio sin duda (&#8230;) estamos viendo indicios de que va de salida la estrategia de abrazos y no balazos\u00bb, dijo Vicente S\u00e1nchez, experto en temas de seguridad del Sistema Nacional de Investigadores (SNI) de M\u00e9xico, y agreg\u00f3 que adicionalmente hay presiones internas y externas para que el gobierno de Sheinbaum combata la creciente delincuencia.<\/p>\n\n\n\n<p>Especialistas en seguridad dijeron que creen que la nueva estrategia es en parte una respuesta a la amenaza de Trump de imponer aranceles del 25% a productos de M\u00e9xico si el pa\u00eds no frena el tr\u00e1fico de drogas y el cruce ilegal de migrantes hacia territorio estadounidense.<\/p>\n\n\n\n<p>Algunos tambi\u00e9n lo han tomado como una admisi\u00f3n indirecta de que la estrategia menos confrontativa de L\u00f3pez Obrador no funcion\u00f3, y muchos expertos dicen que ayud\u00f3 a los grupos del crimen organizado a afianzar el poder en vastas franjas del pa\u00eds.<\/p>\n\n\n\n<p>El embajador de Estados Unidos en M\u00e9xico, Ken Salazar, critic\u00f3 p\u00fablicamente el enfoque, diciendo que hab\u00eda \u00abfracasado\u00bb y que \u00abM\u00e9xico no es seguro\u00bb.<\/p>\n\n\n\n<p>MILES A LAS CALLES<\/p>\n\n\n\n<p>Algunos expertos en seguridad han hecho comparaciones entre las operaciones en Sinaloa y la guerra militar que libr\u00f3 el presidente Felipe Calder\u00f3n contra los c\u00e1rteles en 2006, que desencaden\u00f3 una espiral de violencia a la que muchos analistas atribuyen las altas tasas de homicidios que persisten en M\u00e9xico.<\/p>\n\n\n\n<p>La Organizaci\u00f3n de las Naciones Unidas ha criticado reiteradamente el uso de las fuerzas armadas en la lucha contra la criminalidad en M\u00e9xico, argumentando que alienta violaciones a los derechos humanos. El Gobierno, no obstante, niega que la seguridad se haya militarizado o que los abusos a los derechos humanos sean comunes.<\/p>\n\n\n\n<p>La clave de la estrategia de Sheinbaum para combatir el crimen es su nuevo jefe de seguridad, Omar Garc\u00eda Harfuch, un polic\u00eda veterano que trabaj\u00f3 para la mandataria mientras ella era alcaldesa de Ciudad de M\u00e9xico.<\/p>\n\n\n\n<p>\u00abSabemos de la complejidad para pacificar al pa\u00eds\u00bb, dijo el funcionario la semana pasada tras el asesinato de un miembro de la secretar\u00eda a su cargo, del \u00e1rea de investigaci\u00f3n, en Sinaloa, hist\u00f3ricamente cuna de poderosos narcotraficantes como Ismael \u00abEl Mayo\u00bb Zambada, cuya detenci\u00f3n en julio desat\u00f3 la actual confrontaci\u00f3n en la zona.<\/p>\n\n\n\n<p>Los enfrentamientos entre grupos rivales en el norte\u00f1o estado, que se intensificaron el 9 de septiembre, han dejado hasta 650 personas muertas y poco m\u00e1s de 700 desaparecidas. En un intento por contener el conflicto, el jefe de seguridad local fue reemplazado por un oficial militar durante el fin de semana.<\/p>\n\n\n\n<p>Esa misma semana, al menos tres soldados murieron a causa de la explosi\u00f3n de minas terrestres colocadas por el crimen organizado en dos lugares separados en el estado de Michoac\u00e1n.<\/p>\n\n\n\n<p>Para algunos expertos existe el peligro de que Sheinbaum busque replicar su estrategia en Sinaloa en todo el pa\u00eds.<\/p>\n\n\n\n<p>\u00abCada uno tiene su personalidad, su sello propio y hay que encontrar la parte que les duele\u00bb, consider\u00f3 Tom\u00e1s Guevara, experto en temas de seguridad en el estado norte\u00f1o. El \u00e9xito de una posible nueva estrategia, afirm\u00f3, depender\u00e1 de encontrar la \u00abparte vulnerable de los grupos delictivos y focalizar los esquemas que han iniciado en Sinaloa\u201d.<\/p>\n\n\n\n<p>(Informaci\u00f3n de la agencia Reuters en \u201cEl Economista\u201d)<\/p>\n","protected":false},"excerpt":{"rendered":"<p>Redacci\u00f3n\/Zona Roja Cdmx. Ciudad de M\u00e9xico, a 25 de diciembre de 2024.- En medio de&hellip;<\/p>\n","protected":false},"author":2,"featured_media":72992,"comment_status":"closed","ping_status":"open","sticky":false,"template":"","format":"standard","meta":{"_lmt_disableupdate":"","_lmt_disable":"","_jetpack_memberships_contains_paid_content":false,"footnotes":""},"categories":[109,46],"tags":[3370],"class_list":["post-75826","post","type-post","status-publish","format-standard","has-post-thumbnail","hentry","category-minuto-a-minuto","category-zona-blanca","tag-claudia-sheinbaum"],"jetpack_featured_media_url":"https:\/\/zonaroja.com.mx\/wp-content\/uploads\/2024\/10\/Claudia-Sheinbaum-2.jpg","jetpack_sharing_enabled":true,"_links":{"self":[{"href":"https:\/\/zonaroja.com.mx\/index.php?rest_route=\/wp\/v2\/posts\/75826","targetHints":{"allow":["GET"]}}],"collection":[{"href":"https:\/\/zonaroja.com.mx\/index.php?rest_route=\/wp\/v2\/posts"}],"about":[{"href":"https:\/\/zonaroja.com.mx\/index.php?rest_route=\/wp\/v2\/types\/post"}],"author":[{"embeddable":true,"href":"https:\/\/zonaroja.com.mx\/index.php?rest_route=\/wp\/v2\/users\/2"}],"replies":[{"embeddable":true,"href":"https:\/\/zonaroja.com.mx\/index.php?rest_route=%2Fwp%2Fv2%2Fcomments&post=75826"}],"version-history":[{"count":1,"href":"https:\/\/zonaroja.com.mx\/index.php?rest_route=\/wp\/v2\/posts\/75826\/revisions"}],"predecessor-version":[{"id":75827,"href":"https:\/\/zonaroja.com.mx\/index.php?rest_route=\/wp\/v2\/posts\/75826\/revisions\/75827"}],"wp:featuredmedia":[{"embeddable":true,"href":"https:\/\/zonaroja.com.mx\/index.php?rest_route=\/wp\/v2\/media\/72992"}],"wp:attachment":[{"href":"https:\/\/zonaroja.com.mx\/index.php?rest_route=%2Fwp%2Fv2%2Fmedia&parent=75826"}],"wp:term":[{"taxonomy":"category","embeddable":true,"href":"https:\/\/zonaroja.com.mx\/index.php?rest_route=%2Fwp%2Fv2%2Fcategories&post=75826"},{"taxonomy":"post_tag","embeddable":true,"href":"https:\/\/zonaroja.com.mx\/index.php?rest_route=%2Fwp%2Fv2%2Ftags&post=75826"}],"curies":[{"name":"wp","href":"https:\/\/api.w.org\/{rel}","templated":true}]}}