{"id":75829,"date":"2024-12-25T13:02:13","date_gmt":"2024-12-25T19:02:13","guid":{"rendered":"https:\/\/zonaroja.com.mx\/?p=75829"},"modified":"2024-12-25T13:02:13","modified_gmt":"2024-12-25T19:02:13","slug":"investigan-el-asesinato-de-un-nino-en-coicoyan-oaxaca","status":"publish","type":"post","link":"https:\/\/zonaroja.com.mx\/?p=75829","title":{"rendered":"Investigan el asesinato de un ni\u00f1o en Coicoy\u00e1n, Oaxaca"},"content":{"rendered":"\n<p>Raymundo Morales\/Zona Roja.<\/p>\n\n\n\n<p>Oaxaca de Ju\u00e1rez, Oax., a 25 de diciembre de 2024.- Autoridades ministeriales y policiacas investigan el asesinato de un menor de edad en Coicoy\u00e1n de las Flores, municipio de la regi\u00f3n Mixteca del estado de Oaxaca.<\/p>\n\n\n\n<p>El crimen se cometi\u00f3 el pasado domingo 22 de diciembre en la localidad de Petlacala, cuando el ni\u00f1o de 11 a\u00f1os de edad, de nombre Javier \u201cN\u201d, acud\u00eda al campo con su madre a llevar alimentos a su padre.<\/p>\n\n\n\n<p>Sin embargo, un sujeto, a\u00fan no identificado, los intercept\u00f3 y le dispar\u00f3 a quemarropa al menor. <\/p>\n\n\n\n<p>Familiares del ni\u00f1o lo hallaron muerto entre terrenos de cultivo tras lo cual dieron aviso a los polic\u00edas y \u00e9stos a la Fiscal\u00eda General del Estado.<\/p>\n\n\n\n<p>Personal de la instituci\u00f3n a\u00fan indaga el caso, con la finalidad de llevar ante la justicia al responsable del crimen.<\/p>\n\n\n\n<p>Coicoy\u00e1n de las Flores es uno de los municipios m\u00e1s pobres de la entidad y pertenece al distrito de Juxtlahuaca.<\/p>\n","protected":false},"excerpt":{"rendered":"<p>Raymundo Morales\/Zona Roja. Oaxaca de Ju\u00e1rez, Oax., a 25 de diciembre de 2024.- Autoridades ministeriales&hellip;<\/p>\n","protected":false},"author":2,"featured_media":75828,"comment_status":"closed","ping_status":"open","sticky":false,"template":"","format":"standard","meta":{"_lmt_disableupdate":"","_lmt_disable":"","_jetpack_memberships_contains_paid_content":false,"footnotes":""},"categories":[1],"tags":[],"class_list":["post-75829","post","type-post","status-publish","format-standard","has-post-thumbnail","hentry","category-sin-categoria"],"jetpack_featured_media_url":"https:\/\/zonaroja.com.mx\/wp-content\/uploads\/2024\/12\/Coicoyan-de-las-Flores-Oaxaca.jpeg","jetpack_sharing_enabled":true,"_links":{"self":[{"href":"https:\/\/zonaroja.com.mx\/index.php?rest_route=\/wp\/v2\/posts\/75829","targetHints":{"allow":["GET"]}}],"collection":[{"href":"https:\/\/zonaroja.com.mx\/index.php?rest_route=\/wp\/v2\/posts"}],"about":[{"href":"https:\/\/zonaroja.com.mx\/index.php?rest_route=\/wp\/v2\/types\/post"}],"author":[{"embeddable":true,"href":"https:\/\/zonaroja.com.mx\/index.php?rest_route=\/wp\/v2\/users\/2"}],"replies":[{"embeddable":true,"href":"https:\/\/zonaroja.com.mx\/index.php?rest_route=%2Fwp%2Fv2%2Fcomments&post=75829"}],"version-history":[{"count":1,"href":"https:\/\/zonaroja.com.mx\/index.php?rest_route=\/wp\/v2\/posts\/75829\/revisions"}],"predecessor-version":[{"id":75830,"href":"https:\/\/zonaroja.com.mx\/index.php?rest_route=\/wp\/v2\/posts\/75829\/revisions\/75830"}],"wp:featuredmedia":[{"embeddable":true,"href":"https:\/\/zonaroja.com.mx\/index.php?rest_route=\/wp\/v2\/media\/75828"}],"wp:attachment":[{"href":"https:\/\/zonaroja.com.mx\/index.php?rest_route=%2Fwp%2Fv2%2Fmedia&parent=75829"}],"wp:term":[{"taxonomy":"category","embeddable":true,"href":"https:\/\/zonaroja.com.mx\/index.php?rest_route=%2Fwp%2Fv2%2Fcategories&post=75829"},{"taxonomy":"post_tag","embeddable":true,"href":"https:\/\/zonaroja.com.mx\/index.php?rest_route=%2Fwp%2Fv2%2Ftags&post=75829"}],"curies":[{"name":"wp","href":"https:\/\/api.w.org\/{rel}","templated":true}]}}