{"id":75833,"date":"2024-12-26T07:05:29","date_gmt":"2024-12-26T13:05:29","guid":{"rendered":"https:\/\/zonaroja.com.mx\/?p=75833"},"modified":"2024-12-26T07:05:31","modified_gmt":"2024-12-26T13:05:31","slug":"en-navidad-enfrentan-mozambique-y-haiti-fuga-y-ataques-masivos","status":"publish","type":"post","link":"https:\/\/zonaroja.com.mx\/?p=75833","title":{"rendered":"En Navidad, enfrentan Mozambique y Hait\u00ed fuga y ataques masivos"},"content":{"rendered":"\n<p>Redacci\u00f3n\/Zona Roja.<\/p>\n\n\n\n<p>Oaxaca de Ju\u00e1rez, Oax., a 26 de diciembre de 2024.- M\u00e1s de mil 500 presos se fugaron el mi\u00e9rcoles de una c\u00e1rcel de alta seguridad de Maputo, durante el tercer d\u00eda de disturbios que sacuden a Mozambique desde la confirmaci\u00f3n de la victoria electoral del partido en el poder, denunciada como fraudulenta por la oposici\u00f3n.<\/p>\n\n\n\n<p>En total, \u201cmil 534 presos huyeron\u201d de esa prisi\u00f3n, situada a 15 kil\u00f3metros de la capital, indic\u00f3 el jefe de la polic\u00eda nacional, Bernardino Rafael.<\/p>\n\n\n\n<p>En la fuga \u201chubo enfrentamientos con los agentes penitenciarios\u201d, con un saldo de 33 muertos y 15 heridos entre los pr\u00f3fugos, a\u00f1adi\u00f3.<\/p>\n\n\n\n<p>Las operaciones de b\u00fasqueda permitieron volver a capturar a 150 evadidos, asegur\u00f3.<\/p>\n\n\n\n<p>Una treintena de fugitivos pertenece a organizaciones yihadistas que desde hace siete a\u00f1os siembran el terror en la provincia septentrional de Cabo Delgado, de este pa\u00eds del \u00c1frica austral.<\/p>\n\n\n\n<p>\u201cFueron liberados 29 terroristas que hab\u00edan sido condenados y esta situaci\u00f3n nos preocupa\u201d, dijo Bernardino Rafael.<\/p>\n\n\n\n<p>Seg\u00fan el jefe policial, grupos de manifestantes se acercaron al centro penitenciario y crearon confusi\u00f3n, provocando disturbios en el interior del establecimiento, donde los reclusos derribaron un muro por el que se fugaron.<\/p>\n\n\n\n<p>El mi\u00e9rcoles segu\u00edan levant\u00e1ndose barricadas en varios puntos de la capital, que filtraban los pocos veh\u00edculos que intentaban circular, y continuaban los actos de vandalismo.<\/p>\n\n\n\n<p>Numerosas barricadas siguen en pie y los actos de vandalismo se multiplican en la ciudad. Tambi\u00e9n fueron saqueadas tiendas desde el lunes y varias ambulancias fueron incendiadas, se\u00f1al\u00f3 un corresponsal de AFP.<\/p>\n\n\n\n<p>EN HAIT\u00cd<\/p>\n\n\n\n<p>Dos reporteros murieron y varios m\u00e1s resultaron heridos antier en un ataque perpetrado por pandilleros durante la reapertura del hospital p\u00fablico m\u00e1s grande de Puerto Pr\u00edncipe, inform\u00f3 la asociaci\u00f3n de medios en l\u00ednea de Hait\u00ed. Un polic\u00eda tambi\u00e9n falleci\u00f3.<\/p>\n\n\n\n<p>Las pandillas provocaron el cierre del Hospital General hace unos meses y las autoridades hab\u00edan prometido reabrir la instalaci\u00f3n de la capital haitiana en la Nochebuena, pero mientras los periodistas se reun\u00edan para cubrir el evento, presuntos pandilleros comenzaron a disparar.<\/p>\n\n\n\n<p>Robest Dimanche, portavoz del Colectivo de Medios en L\u00ednea, identific\u00f3 a los profesionales de la comunicaci\u00f3n fallecidos: Markenzy Nathoux y Jimmy Jean. Dimanche agreg\u00f3 que m\u00e1s comunicadores resultaron heridos en el ataque, el cual atribuy\u00f3 a la coalici\u00f3n de pandillas Viv Ansanm.<\/p>\n\n\n\n<p>La Asociaci\u00f3n de Periodistas Haitianos confirm\u00f3 que dos colegas y un agente de seguridad p\u00fablica hab\u00edan perecido, y que siete periodistas resultaron heridos en lo que describi\u00f3 como una \u201cescena macabra comparable con el \u2018terrorismo\u2019, simple y llanamente\u201d.<\/p>\n\n\n\n<p>Las pandillas se han apoderado de 85 por ciento de Puerto Pr\u00edncipe y tambi\u00e9n han tomado como objetivo el principal aeropuerto internacional y las dos mayores prisiones de Hait\u00ed.&nbsp;<\/p>\n\n\n\n<p>Johnson Izo Andr\u00e9, considerado el l\u00edder de pandilla m\u00e1s poderoso de Hait\u00ed y parte de la coalici\u00f3n de pandillas Viv Ansanm que ha tomado control de gran parte de la capital, Puerto Pr\u00edncipe, public\u00f3 un video en redes sociales en el que se adjudica la responsabilidad del crimen.<\/p>\n\n\n\n<p>El video divulgado en redes sociales indicaba que la coalici\u00f3n no hab\u00eda autorizado la reapertura del nosocomio.<\/p>\n\n\n\n<p>Las bandas delincuenciales de Hait\u00ed han atacado a comunicadores en el pasado. En 2023, dos periodistas locales fueron asesinados en el lapso de un par de semanas: el profesional de radio Dumesky Kersaint muri\u00f3 tras ser baleado, mientras el periodista Ricot Jean fue encontrado muerto.<\/p>\n\n\n\n<p>(Con informaci\u00f3n de \u201cLa Jornada\u201d)<\/p>\n","protected":false},"excerpt":{"rendered":"<p>Redacci\u00f3n\/Zona Roja. Oaxaca de Ju\u00e1rez, Oax., a 26 de diciembre de 2024.- M\u00e1s de mil&hellip;<\/p>\n","protected":false},"author":2,"featured_media":75834,"comment_status":"closed","ping_status":"open","sticky":false,"template":"","format":"standard","meta":{"_lmt_disableupdate":"","_lmt_disable":"","_jetpack_memberships_contains_paid_content":false,"footnotes":""},"categories":[109,47],"tags":[4143],"class_list":["post-75833","post","type-post","status-publish","format-standard","has-post-thumbnail","hentry","category-minuto-a-minuto","category-zona-gris","tag-mozambique"],"jetpack_featured_media_url":"https:\/\/zonaroja.com.mx\/wp-content\/uploads\/2024\/12\/Disturbios-Mozambique.jpg","jetpack_sharing_enabled":true,"_links":{"self":[{"href":"https:\/\/zonaroja.com.mx\/index.php?rest_route=\/wp\/v2\/posts\/75833","targetHints":{"allow":["GET"]}}],"collection":[{"href":"https:\/\/zonaroja.com.mx\/index.php?rest_route=\/wp\/v2\/posts"}],"about":[{"href":"https:\/\/zonaroja.com.mx\/index.php?rest_route=\/wp\/v2\/types\/post"}],"author":[{"embeddable":true,"href":"https:\/\/zonaroja.com.mx\/index.php?rest_route=\/wp\/v2\/users\/2"}],"replies":[{"embeddable":true,"href":"https:\/\/zonaroja.com.mx\/index.php?rest_route=%2Fwp%2Fv2%2Fcomments&post=75833"}],"version-history":[{"count":1,"href":"https:\/\/zonaroja.com.mx\/index.php?rest_route=\/wp\/v2\/posts\/75833\/revisions"}],"predecessor-version":[{"id":75835,"href":"https:\/\/zonaroja.com.mx\/index.php?rest_route=\/wp\/v2\/posts\/75833\/revisions\/75835"}],"wp:featuredmedia":[{"embeddable":true,"href":"https:\/\/zonaroja.com.mx\/index.php?rest_route=\/wp\/v2\/media\/75834"}],"wp:attachment":[{"href":"https:\/\/zonaroja.com.mx\/index.php?rest_route=%2Fwp%2Fv2%2Fmedia&parent=75833"}],"wp:term":[{"taxonomy":"category","embeddable":true,"href":"https:\/\/zonaroja.com.mx\/index.php?rest_route=%2Fwp%2Fv2%2Fcategories&post=75833"},{"taxonomy":"post_tag","embeddable":true,"href":"https:\/\/zonaroja.com.mx\/index.php?rest_route=%2Fwp%2Fv2%2Ftags&post=75833"}],"curies":[{"name":"wp","href":"https:\/\/api.w.org\/{rel}","templated":true}]}}