{"id":75836,"date":"2024-12-26T08:30:00","date_gmt":"2024-12-26T14:30:00","guid":{"rendered":"https:\/\/zonaroja.com.mx\/?p=75836"},"modified":"2024-12-26T07:40:49","modified_gmt":"2024-12-26T13:40:49","slug":"asesinan-a-individuo-en-la-capital-de-oaxaca","status":"publish","type":"post","link":"https:\/\/zonaroja.com.mx\/?p=75836","title":{"rendered":"Asesinan a individuo en la capital de Oaxaca"},"content":{"rendered":"\n<p>Redacci\u00f3n\/Zona Roja.<\/p>\n\n\n\n<p>Oaxaca de Ju\u00e1rez, Oax., a 26 de diciembre de 2024.- Una persona del sexo masculino fue asesinada a balazos en Oaxaca capital, en los \u00faltimos minutos del d\u00eda de Navidad.<\/p>\n\n\n\n<p>El crimen ocurri\u00f3 cerca de las 23:00 horas en la calle Jazmines de la colonia Azucenas, en la agencia de San Mart\u00edn Mexic\u00e1pam.<\/p>\n\n\n\n<p>Sujetos armados, presuntamente a bordo de un coche, arribaros a un domicilio y tras tocar a la puerta, acribillaron a la persona que sali\u00f3.<\/p>\n\n\n\n<p>Los familiares identificaron a la v\u00edctima como Francisco M. R., de 33 a\u00f1os de edad, de oficio comerciante, y presentaba al menos tres impactos de arma de fuego en el cuerpo.<\/p>\n\n\n\n<p>Corporaciones policiacas arribaron a la zona para implementar operativos de b\u00fasqueda, pero sin \u00e9xito hasta ahora.<\/p>\n\n\n\n<p>Personal de la Fiscal\u00eda General del Estado de Oaxaca arrib\u00f3 de inmediato para iniciar las indagatorias correspondientes, mismas que concluyeron en los primeros minutos de este jueves.<\/p>\n\n\n\n<p>Cabe mencionar que durante el 25 de diciembre, d\u00eda de Navidad, suman cuatro personas asesinadas, dos de ellas en Pinotepa Nacional, en hechos distintos, y una m\u00e1s en el municipio istme\u00f1o de Mat\u00edas Romero Avenda\u00f1o.<\/p>\n","protected":false},"excerpt":{"rendered":"<p>Redacci\u00f3n\/Zona Roja. Oaxaca de Ju\u00e1rez, Oax., a 26 de diciembre de 2024.- Una persona del&hellip;<\/p>\n","protected":false},"author":2,"featured_media":75837,"comment_status":"closed","ping_status":"open","sticky":false,"template":"","format":"standard","meta":{"_lmt_disableupdate":"","_lmt_disable":"","_jetpack_memberships_contains_paid_content":false,"footnotes":""},"categories":[109,51],"tags":[4144,148],"class_list":["post-75836","post","type-post","status-publish","format-standard","has-post-thumbnail","hentry","category-minuto-a-minuto","category-zona-roja","tag-asesinado-ciudad-de-oaxaca","tag-oaxaca-de-juarez"],"jetpack_featured_media_url":"https:\/\/zonaroja.com.mx\/wp-content\/uploads\/2024\/12\/Asesinado-ciudad-de-Oaxaca.jpg","jetpack_sharing_enabled":true,"_links":{"self":[{"href":"https:\/\/zonaroja.com.mx\/index.php?rest_route=\/wp\/v2\/posts\/75836","targetHints":{"allow":["GET"]}}],"collection":[{"href":"https:\/\/zonaroja.com.mx\/index.php?rest_route=\/wp\/v2\/posts"}],"about":[{"href":"https:\/\/zonaroja.com.mx\/index.php?rest_route=\/wp\/v2\/types\/post"}],"author":[{"embeddable":true,"href":"https:\/\/zonaroja.com.mx\/index.php?rest_route=\/wp\/v2\/users\/2"}],"replies":[{"embeddable":true,"href":"https:\/\/zonaroja.com.mx\/index.php?rest_route=%2Fwp%2Fv2%2Fcomments&post=75836"}],"version-history":[{"count":1,"href":"https:\/\/zonaroja.com.mx\/index.php?rest_route=\/wp\/v2\/posts\/75836\/revisions"}],"predecessor-version":[{"id":75838,"href":"https:\/\/zonaroja.com.mx\/index.php?rest_route=\/wp\/v2\/posts\/75836\/revisions\/75838"}],"wp:featuredmedia":[{"embeddable":true,"href":"https:\/\/zonaroja.com.mx\/index.php?rest_route=\/wp\/v2\/media\/75837"}],"wp:attachment":[{"href":"https:\/\/zonaroja.com.mx\/index.php?rest_route=%2Fwp%2Fv2%2Fmedia&parent=75836"}],"wp:term":[{"taxonomy":"category","embeddable":true,"href":"https:\/\/zonaroja.com.mx\/index.php?rest_route=%2Fwp%2Fv2%2Fcategories&post=75836"},{"taxonomy":"post_tag","embeddable":true,"href":"https:\/\/zonaroja.com.mx\/index.php?rest_route=%2Fwp%2Fv2%2Ftags&post=75836"}],"curies":[{"name":"wp","href":"https:\/\/api.w.org\/{rel}","templated":true}]}}