{"id":7584,"date":"2020-01-12T08:18:44","date_gmt":"2020-01-12T14:18:44","guid":{"rendered":"http:\/\/www.zonaroja.com.mx\/?p=7584"},"modified":"2020-01-12T08:19:05","modified_gmt":"2020-01-12T14:19:05","slug":"en-oaxaca-tres-ejecutados-en-las-ultimas-horas-entre-ellos-una-mujer","status":"publish","type":"post","link":"https:\/\/zonaroja.com.mx\/?p=7584","title":{"rendered":"En Oaxaca, tres ejecutados en las \u00faltimas horas, entre ellos una mujer"},"content":{"rendered":"\n<p>Ismael\nGarc\u00eda M. <\/p>\n\n\n\n<p>Foto:\nCortamortaja<\/p>\n\n\n\n<p>Oaxaca de\nJu\u00e1rez, Oax., 12 de enero de 2020.- Mientras el titular de Seguridad P\u00fablica,\nRa\u00fal Ernesto Salcedo, usa una docena de polic\u00edas para amedrentar a un\nciudadano, en la entidad oaxaque\u00f1a la violencia sigue imparable y anoche fueron\nejecutadas a balazos tres personas.<\/p>\n\n\n\n<p>En Juchit\u00e1n\nde Zaragoza, aproximadamente a las 22:00 horas de este s\u00e1bado fueron ultimados\nen un veh\u00edculo con logotipos de la empresa \u201cRevergy Enginering Services &amp;\nConsultancy\u201d un hombre y una mujer.<\/p>\n\n\n\n<p>Fueron\nabatidos cuando circulaban a bordo de la unidad de motor marca Nissan, tipo\nNP300, color blanco, en el tramo carretero Juchit\u00e1n-La Ventosa. Hasta esta\nma\u00f1ana a\u00fan no hab\u00edan sido identificadas las v\u00edctimas.<\/p>\n\n\n\n<p>OTRO JOVEN<\/p>\n\n\n\n<p>Mientras\ntanto, casi a la misma hora pero en San Gabriel, municipio de la regi\u00f3n Costa\nde Oaxaca, fue asesinado a balazos un joven de aproximadamente 26 a\u00f1os de edad.<\/p>\n\n\n\n<p>El cuerpo\nfue hallado en c\u00e9ntricas calles de esa poblaci\u00f3n perteneciente al distrito de\nJuquila y a\u00fan no ha sido identificado legalmente.<\/p>\n\n\n\n<p>MILITARES\nEBRIOS<\/p>\n\n\n\n<p>A la vez, en Loma Bonita, tambi\u00e9n anoche, tres presuntos\nintegrantes del Ej\u00e9rcito Mexicano detonaron sus armas de fuego en inmediaciones\nde la calle Yucat\u00e1n del barrio Las Flores, lo que dej\u00f3 como saldo una menor de\nedad herida, adem\u00e1s de da\u00f1os materiales.<\/p>\n\n\n\n<p>Tras ser perseguidos, fueron localizados en la colonia\nFrumencio Pulido y fueron puestos a disposici\u00f3n de la autoridad ministerial.<\/p>\n\n\n\n<p>IDENTIFICAN\nA JOVEN<\/p>\n\n\n\n<p>En tanto,\ncomo Juan Carlos N. N., fue identificado el joven ejecutado a balazos en el\nmunicipio de San Juan Cacahuatepec, en la regi\u00f3n Costa, la noche del viernes,\ncerca del paraje \u201cPie de la Cuesta\u201d; era vecino de la comunidad El Naranjo.<\/p>\n","protected":false},"excerpt":{"rendered":"<p>Ismael Garc\u00eda M. Foto: Cortamortaja Oaxaca de Ju\u00e1rez, Oax., 12 de enero de 2020.- Mientras&hellip;<\/p>\n","protected":false},"author":2,"featured_media":7585,"comment_status":"closed","ping_status":"open","sticky":false,"template":"","format":"standard","meta":{"_lmt_disableupdate":"","_lmt_disable":"","_jetpack_memberships_contains_paid_content":false,"footnotes":""},"categories":[109,51],"tags":[123,1270],"class_list":["post-7584","post","type-post","status-publish","format-standard","has-post-thumbnail","hentry","category-minuto-a-minuto","category-zona-roja","tag-juchitan-de-zaragoza","tag-san-gabriel-mixtepec"],"jetpack_featured_media_url":"https:\/\/zonaroja.com.mx\/wp-content\/uploads\/2020\/01\/Ejecutados-Istmo.jpg","jetpack_sharing_enabled":true,"_links":{"self":[{"href":"https:\/\/zonaroja.com.mx\/index.php?rest_route=\/wp\/v2\/posts\/7584","targetHints":{"allow":["GET"]}}],"collection":[{"href":"https:\/\/zonaroja.com.mx\/index.php?rest_route=\/wp\/v2\/posts"}],"about":[{"href":"https:\/\/zonaroja.com.mx\/index.php?rest_route=\/wp\/v2\/types\/post"}],"author":[{"embeddable":true,"href":"https:\/\/zonaroja.com.mx\/index.php?rest_route=\/wp\/v2\/users\/2"}],"replies":[{"embeddable":true,"href":"https:\/\/zonaroja.com.mx\/index.php?rest_route=%2Fwp%2Fv2%2Fcomments&post=7584"}],"version-history":[{"count":1,"href":"https:\/\/zonaroja.com.mx\/index.php?rest_route=\/wp\/v2\/posts\/7584\/revisions"}],"predecessor-version":[{"id":7586,"href":"https:\/\/zonaroja.com.mx\/index.php?rest_route=\/wp\/v2\/posts\/7584\/revisions\/7586"}],"wp:featuredmedia":[{"embeddable":true,"href":"https:\/\/zonaroja.com.mx\/index.php?rest_route=\/wp\/v2\/media\/7585"}],"wp:attachment":[{"href":"https:\/\/zonaroja.com.mx\/index.php?rest_route=%2Fwp%2Fv2%2Fmedia&parent=7584"}],"wp:term":[{"taxonomy":"category","embeddable":true,"href":"https:\/\/zonaroja.com.mx\/index.php?rest_route=%2Fwp%2Fv2%2Fcategories&post=7584"},{"taxonomy":"post_tag","embeddable":true,"href":"https:\/\/zonaroja.com.mx\/index.php?rest_route=%2Fwp%2Fv2%2Ftags&post=7584"}],"curies":[{"name":"wp","href":"https:\/\/api.w.org\/{rel}","templated":true}]}}