{"id":75842,"date":"2024-12-26T10:57:00","date_gmt":"2024-12-26T16:57:00","guid":{"rendered":"https:\/\/zonaroja.com.mx\/?p=75842"},"modified":"2024-12-26T08:20:14","modified_gmt":"2024-12-26T14:20:14","slug":"asesinan-a-funcionario-del-gabinete-de-gobernador-de-zacatecas","status":"publish","type":"post","link":"https:\/\/zonaroja.com.mx\/?p=75842","title":{"rendered":"Asesinan a funcionario del gabinete de gobernador de Zacatecas"},"content":{"rendered":"\n<p>Redacci\u00f3n\/Zona Roja Cdmx.<\/p>\n\n\n\n<p>Ciudad de M\u00e9xico, a 26 de diciembre de 2024.- Juan Francisco Ba\u00f1uelos M\u00e1rquez, funcionario del sector ganadero en Zacatecas, fue asesinado a balazos este mi\u00e9rcoles en la sierra de Valpara\u00edso, en hechos que ya investiga la Fiscal\u00eda General de Justicia del Estado.<\/p>\n\n\n\n<p>La primera informaci\u00f3n sobre el homicidio del subsecretario de ganader\u00eda de la Secretar\u00eda del Campo, fue a trav\u00e9s de redes sociales, donde se relataba que \u201cPancho Ba\u00f1uelos fue brutalmente asesinado\u201d.<\/p>\n\n\n\n<p>Medios de Valpara\u00edso informaron que el funcionario estatal fue v\u00edctima de un ataque armado \u201cque tuvo lugar en un \u00e1rea remota y de dif\u00edcil acceso\u201d y se especula que la v\u00edctima pudo haber sido emboscada.<\/p>\n\n\n\n<p>El gobierno del estado emiti\u00f3 un mensaje de condolencias a la familia del funcionario, donde se inform\u00f3 tambi\u00e9n que \u201cdesde el Ejecutivo del Estado, pedimos que la Fiscal\u00eda General de Justicia del Estado realice las investigaciones correspondientes para que ni este, ni ning\u00fan caso, quede impune.<\/p>\n\n\n\n<p>Juan Francisco Ba\u00f1uelos Mu\u00f1oz fue en el proceso electoral de 2021, candidato a presidente municipal de Valpara\u00edso, por la coalici\u00f3n Morena, PVEM, PT, cargo que no alcanz\u00f3 en las urnas.<\/p>\n\n\n\n<p>(Informaci\u00f3n de \u201cLa Jornada\u201d)<\/p>\n","protected":false},"excerpt":{"rendered":"<p>Redacci\u00f3n\/Zona Roja Cdmx. Ciudad de M\u00e9xico, a 26 de diciembre de 2024.- Juan Francisco Ba\u00f1uelos&hellip;<\/p>\n","protected":false},"author":2,"featured_media":75843,"comment_status":"closed","ping_status":"open","sticky":false,"template":"","format":"standard","meta":{"_lmt_disableupdate":"","_lmt_disable":"","_jetpack_memberships_contains_paid_content":false,"footnotes":""},"categories":[109,51],"tags":[4145,1794],"class_list":["post-75842","post","type-post","status-publish","format-standard","has-post-thumbnail","hentry","category-minuto-a-minuto","category-zona-roja","tag-juan-francisco-banuelos","tag-zacatecas"],"jetpack_featured_media_url":"https:\/\/zonaroja.com.mx\/wp-content\/uploads\/2024\/12\/Juan-Francisco-Banuelos-Zacatecas.webp","jetpack_sharing_enabled":true,"_links":{"self":[{"href":"https:\/\/zonaroja.com.mx\/index.php?rest_route=\/wp\/v2\/posts\/75842","targetHints":{"allow":["GET"]}}],"collection":[{"href":"https:\/\/zonaroja.com.mx\/index.php?rest_route=\/wp\/v2\/posts"}],"about":[{"href":"https:\/\/zonaroja.com.mx\/index.php?rest_route=\/wp\/v2\/types\/post"}],"author":[{"embeddable":true,"href":"https:\/\/zonaroja.com.mx\/index.php?rest_route=\/wp\/v2\/users\/2"}],"replies":[{"embeddable":true,"href":"https:\/\/zonaroja.com.mx\/index.php?rest_route=%2Fwp%2Fv2%2Fcomments&post=75842"}],"version-history":[{"count":1,"href":"https:\/\/zonaroja.com.mx\/index.php?rest_route=\/wp\/v2\/posts\/75842\/revisions"}],"predecessor-version":[{"id":75844,"href":"https:\/\/zonaroja.com.mx\/index.php?rest_route=\/wp\/v2\/posts\/75842\/revisions\/75844"}],"wp:featuredmedia":[{"embeddable":true,"href":"https:\/\/zonaroja.com.mx\/index.php?rest_route=\/wp\/v2\/media\/75843"}],"wp:attachment":[{"href":"https:\/\/zonaroja.com.mx\/index.php?rest_route=%2Fwp%2Fv2%2Fmedia&parent=75842"}],"wp:term":[{"taxonomy":"category","embeddable":true,"href":"https:\/\/zonaroja.com.mx\/index.php?rest_route=%2Fwp%2Fv2%2Fcategories&post=75842"},{"taxonomy":"post_tag","embeddable":true,"href":"https:\/\/zonaroja.com.mx\/index.php?rest_route=%2Fwp%2Fv2%2Ftags&post=75842"}],"curies":[{"name":"wp","href":"https:\/\/api.w.org\/{rel}","templated":true}]}}