{"id":75845,"date":"2024-12-26T11:20:00","date_gmt":"2024-12-26T17:20:00","guid":{"rendered":"https:\/\/zonaroja.com.mx\/?p=75845"},"modified":"2024-12-26T08:21:55","modified_gmt":"2024-12-26T14:21:55","slug":"detienen-a-cuatro-sujetos-con-arsenal-en-sinaloa","status":"publish","type":"post","link":"https:\/\/zonaroja.com.mx\/?p=75845","title":{"rendered":"Detienen a cuatro sujetos con arsenal, en Sinaloa"},"content":{"rendered":"\n<p>Redacci\u00f3n\/Zona Roja Cdmx.<\/p>\n\n\n\n<p>Ciudad de M\u00e9xico, a 26 de diciembre de 2024.- Cuatro presuntos integrantes de un grupo delictivo generador de violencia ligado a \u2018Los Chapitos\u2018 fueron detenidos este mi\u00e9rcoles en Culiac\u00e1n, en Sinaloa, como resultado de un operativo conjunto encabezado por el Gabinete de Seguridad del Gobierno mexicano, en coordinaci\u00f3n con autoridades estatales.<\/p>\n\n\n\n<p>Durante el operativo, las autoridades aseguraron armas largas, una ametralladora, un lanzagranadas, veh\u00edculos blindados y cartuchos, en medio de los esfuerzos de las autoridades mexicanas por pacificar esta regi\u00f3n que vive una guerra interna entre c\u00e9lulas del crimen organizado.<\/p>\n\n\n\n<p>La Secretar\u00eda de Seguridad y Protecci\u00f3n Ciudadana (SSPC) inform\u00f3 que la acci\u00f3n se realiz\u00f3 en coordinaci\u00f3n con la Secretar\u00eda de la Defensa Nacional (Defensa), la Secretar\u00eda de Marina (Semar), la Guardia Nacional (GN), la Fiscal\u00eda General de la Rep\u00fablica (FGR) y la Secretar\u00eda de Seguridad P\u00fablica de Sinaloa.<\/p>\n\n\n\n<p>Los detenidos, hombres de entre 20 y 29 a\u00f1os, fueron interceptados en la colonia La Campi\u00f1a tras trabajos de inteligencia que los vinculaban con actividades criminales.<\/p>\n\n\n\n<p>Omar Garc\u00eda Harfuch, titular de la SSPC, detall\u00f3 que uno de los agentes de investigaci\u00f3n result\u00f3 herido durante la operaci\u00f3n, aunque ya se encuentra fuera de peligro.<\/p>\n\n\n\n<p>\u201cEl d\u00eda de hoy en Culiac\u00e1n, Sinaloa, se desarticul\u00f3 una c\u00e9lula generadora de violencia. Hay cuatro detenidos y se aseguraron armas de fuego de alto poder, granadas, equipo t\u00e1ctico, veh\u00edculos blindados y cartuchos\u201d, declar\u00f3 Garc\u00eda Harfuch.<\/p>\n\n\n\n<p>El Gabinete de Seguridad subray\u00f3 que estas acciones forman parte de una estrategia para reforzar la seguridad en Sinaloa y reducir la violencia que afecta a la ciudadan\u00eda desde septiembre con m\u00e1s de 500 asesinatos.<\/p>\n\n\n\n<p>Garc\u00eda Harfuch reiter\u00f3 el compromiso del Gabinete de Seguridad de trabajar de manera coordinada para combatir a los grupos criminales y reducir los \u00edndices de violencia. \u201cContinuaremos con estas acciones para disminuir la violencia en el estado de Sinaloa\u201d, asegur\u00f3.<\/p>\n\n\n\n<p>Hace dos d\u00edas, Claudia Sheinbaum, presidenta de M\u00e9xico, visit\u00f3 el estado de Sinaloa, subrayando la importancia de la coordinaci\u00f3n interinstitucional para abordar los desaf\u00edos que enfrenta el estado de Sinaloa, al tiempo que asegur\u00f3 que la regi\u00f3n no ser\u00e1 abandonada por las autoridades federales.<\/p>\n\n\n\n<p>Sheinbaum enfatiz\u00f3 que su estrategia de seguridad se basa en atacar las causas de la violencia mediante el fortalecimiento del tejido social y la implementaci\u00f3n de un sistema de justicia efectivo.<\/p>\n\n\n\n<p>Este operativo se da tambi\u00e9n en medio de un cambio de mando en la Secretar\u00eda de Seguridad P\u00fablica de Sinaloa, en donde el militar \u00d3scar Renter\u00eda Schazarino asumi\u00f3 el cargo para suceder a Gerardo M\u00e9rida S\u00e1nchez tras dimitir a su responsabilidad, significando la segunda salida del titular de seguridad en la gesti\u00f3n del actual gobernador Rub\u00e9n Rocha Moya.<\/p>\n\n\n\n<p>Todo esto como parte del conflicto entre las fracciones de Los Mayos y Los Chapitos, que se deton\u00f3 tras la entrega de uno de los fundadores del C\u00e1rtel de Sinaloa, Ismael \u2018El Mayo\u2019 Zambada, el pasado 25 de julio, por parte de Joaqu\u00edn Guzm\u00e1n L\u00f3pez, hijo del capo mexicano Joaqu\u00edn \u2018El Chapo\u2019 Guzm\u00e1n, preso en Estados Unidos.<\/p>\n\n\n\n<p>Lo que ha dejado una guerra interna que suma casi cinco meses, siendo en septiembre cuando los enfrentamientos, levantamientos, desapariciones y asesinatos escalaron hasta los m\u00e1s de 500 homicidios, paralizando en diversas ocasiones las actividades econ\u00f3micas y sociales, lo que ha ocasionado el cierre de empresas y la inasistencia a los centros educativos.<\/p>\n\n\n\n<p>(Con informaci\u00f3n de EFE, en L\u00f3pez-D\u00f3riga Digital)<\/p>\n","protected":false},"excerpt":{"rendered":"<p>Redacci\u00f3n\/Zona Roja Cdmx. Ciudad de M\u00e9xico, a 26 de diciembre de 2024.- Cuatro presuntos integrantes&hellip;<\/p>\n","protected":false},"author":2,"featured_media":75846,"comment_status":"closed","ping_status":"open","sticky":false,"template":"","format":"standard","meta":{"_lmt_disableupdate":"","_lmt_disable":"","_jetpack_memberships_contains_paid_content":false,"footnotes":""},"categories":[109,47],"tags":[4146],"class_list":["post-75845","post","type-post","status-publish","format-standard","has-post-thumbnail","hentry","category-minuto-a-minuto","category-zona-gris","tag-violencia-en-sinaloa"],"jetpack_featured_media_url":"https:\/\/zonaroja.com.mx\/wp-content\/uploads\/2024\/12\/Violencia-Sinaloa-detenidos.webp","jetpack_sharing_enabled":true,"_links":{"self":[{"href":"https:\/\/zonaroja.com.mx\/index.php?rest_route=\/wp\/v2\/posts\/75845","targetHints":{"allow":["GET"]}}],"collection":[{"href":"https:\/\/zonaroja.com.mx\/index.php?rest_route=\/wp\/v2\/posts"}],"about":[{"href":"https:\/\/zonaroja.com.mx\/index.php?rest_route=\/wp\/v2\/types\/post"}],"author":[{"embeddable":true,"href":"https:\/\/zonaroja.com.mx\/index.php?rest_route=\/wp\/v2\/users\/2"}],"replies":[{"embeddable":true,"href":"https:\/\/zonaroja.com.mx\/index.php?rest_route=%2Fwp%2Fv2%2Fcomments&post=75845"}],"version-history":[{"count":1,"href":"https:\/\/zonaroja.com.mx\/index.php?rest_route=\/wp\/v2\/posts\/75845\/revisions"}],"predecessor-version":[{"id":75847,"href":"https:\/\/zonaroja.com.mx\/index.php?rest_route=\/wp\/v2\/posts\/75845\/revisions\/75847"}],"wp:featuredmedia":[{"embeddable":true,"href":"https:\/\/zonaroja.com.mx\/index.php?rest_route=\/wp\/v2\/media\/75846"}],"wp:attachment":[{"href":"https:\/\/zonaroja.com.mx\/index.php?rest_route=%2Fwp%2Fv2%2Fmedia&parent=75845"}],"wp:term":[{"taxonomy":"category","embeddable":true,"href":"https:\/\/zonaroja.com.mx\/index.php?rest_route=%2Fwp%2Fv2%2Fcategories&post=75845"},{"taxonomy":"post_tag","embeddable":true,"href":"https:\/\/zonaroja.com.mx\/index.php?rest_route=%2Fwp%2Fv2%2Ftags&post=75845"}],"curies":[{"name":"wp","href":"https:\/\/api.w.org\/{rel}","templated":true}]}}