{"id":75876,"date":"2024-12-27T09:30:00","date_gmt":"2024-12-27T15:30:00","guid":{"rendered":"https:\/\/zonaroja.com.mx\/?p=75876"},"modified":"2024-12-27T08:24:45","modified_gmt":"2024-12-27T14:24:45","slug":"el-tiempo-va-a-colocarnos-en-la-dimension-correcta-martinez-neri","status":"publish","type":"post","link":"https:\/\/zonaroja.com.mx\/?p=75876","title":{"rendered":"\u201cEl tiempo va a colocarnos en la dimensi\u00f3n correcta\u201d: Mart\u00ednez Neri"},"content":{"rendered":"\n<p>Ismael Garc\u00eda M.\/Zona Roja.<\/p>\n\n\n\n<p>Oaxaca de Ju\u00e1rez, Oax., a 27 de diciembre de 2024.- A punto de concluir su administraci\u00f3n, el edil Francisco Mart\u00ednez Neri se dijo satisfecho de los logros alcanzados en los tres a\u00f1os; de contar con un Cabildo cohesionado, de enfrentar con \u00e9xito diversos problemas, principalmente el financiero, y de dejar una municipio en paz y con gobernabilidad.<\/p>\n\n\n\n<p>\u201cLa verdad, yo creo que deben sentirse, debemos sentirnos satisfechos por lo logrado, nos tocaron momentos muy dif\u00edciles, muy dif\u00edciles; si habr\u00eda que bautizar de alguna manera esta gesti\u00f3n, seguramente habr\u00eda t\u00e9rminos como contenci\u00f3n, administraci\u00f3n de problemas.<\/p>\n\n\n\n<p>\u201cY creo que si hubiera que definir tambi\u00e9n la actuaci\u00f3n del Cabildo, yo dir\u00eda que de cohesi\u00f3n, y aqu\u00ed no vimos cuestiones partidistas, nunca nos enfrascamos en una discusi\u00f3n ideol\u00f3gica, por m\u00e1s que cada uno tenga por supuesto una forma de ser y de pensar; antes que cualquier otra cosa, est\u00e1 el inter\u00e9s de Oaxaca de Ju\u00e1rez, al que nos dedicamos durante los tres a\u00f1os\u201d.<\/p>\n\n\n\n<p>En la \u00faltima sesi\u00f3n del cuerpo edilicio, al que no asistieron tres concejales, s\u00f3lo uno de los cuales se excus\u00f3 mediante un escrito, el presidente municipal surgido del Partido Morena expres\u00f3 tambi\u00e9n su reconocimiento a trabajadores, asesores, funcionarios y a la sociedad capitalina en general.<\/p>\n\n\n\n<p>\u201cLes estoy muy agradecido, el tiempo va a colocarnos en la dimensi\u00f3n correcta. Cuando se juzga a una administraci\u00f3n, no se le juzga al otro d\u00eda ni al mes ni a los tres meses, pasa el tiempo y entonces se ver\u00e1 el esfuerzo que ustedes, nosotros hicimos, por la contenci\u00f3n de problemas y por haber llegado a estos d\u00edas como llegamos, en paz, en tranquilidad, con gobernabilidad, escuchando a la gente, y resolviendo.<\/p>\n\n\n\n<p>\u201cCreo que de esa manera nos van a recordar y creo tambi\u00e9n que no habr\u00e1 en la calle nadie que diga una mala palabra, como suele ocurrir cuando se es mal funcionario, creo que para todos ustedes habr\u00e1 ese respeto por le trabajo que cada uno realiz\u00f3\u201d, expuso.<\/p>\n\n\n\n<p>Consider\u00f3 que la pr\u00f3xima administraci\u00f3n municipal (que ya no tendr\u00e1 problemas tan graves, como la crisis financiera y de la basura o deudas impagables; deseamos que las cosas que vienen sean mejores, porque dejamos un ambiente de estabilidad\u201d.<\/p>\n\n\n\n<p>Pero adem\u00e1s sostuvo que, contrario a lo sucedido hace tres a\u00f1os, en esta ocasi\u00f3n hay una entrega-recepci\u00f3n tersa y clara; se dejar\u00e1 adem\u00e1s un patrimonio de bienes a detalle, que contempla, entre otros, al menos 40 camiones recolectores de basura.<\/p>\n\n\n\n<p>En entrevista posterior al t\u00e9rmino de la sesi\u00f3n, hizo tambi\u00e9n un balance y defini\u00f3 su gobierno:<\/p>\n\n\n\n<p>\u201cQue es posible luchar contra la adversidad y que es posible enfrentarla y terminar bien. Yo recuerdo hace tres a\u00f1os c\u00f3mo estaba esto; y cuando sufrimos toda esta problem\u00e1tica econ\u00f3mica dije pues va a terminar a lo mejor igual; no, para nada, le pusimos empe\u00f1o, resolvimos las cosas y estamos en santa paz\u201d.<\/p>\n\n\n\n<p>-Francisco Mart\u00ednez Neri saldr\u00e1 a la calle a dar la cara?<\/p>\n\n\n\n<p>-Yo camino todos los d\u00edas, es m\u00e1s, yo no necesito escoltas, jam\u00e1s me vieron ustedes con escoltas; la gente de bien no necesita escoltas, y as\u00ed voy a seguir caminando.<\/p>\n","protected":false},"excerpt":{"rendered":"<p>Ismael Garc\u00eda M.\/Zona Roja. Oaxaca de Ju\u00e1rez, Oax., a 27 de diciembre de 2024.- A&hellip;<\/p>\n","protected":false},"author":2,"featured_media":75877,"comment_status":"closed","ping_status":"open","sticky":false,"template":"","format":"standard","meta":{"_lmt_disableupdate":"","_lmt_disable":"","_jetpack_memberships_contains_paid_content":false,"footnotes":""},"categories":[109,46],"tags":[2418],"class_list":["post-75876","post","type-post","status-publish","format-standard","has-post-thumbnail","hentry","category-minuto-a-minuto","category-zona-blanca","tag-francisco-martinez-neri"],"jetpack_featured_media_url":"https:\/\/zonaroja.com.mx\/wp-content\/uploads\/2024\/12\/Francisco-Martinez-Neri-1.jpg","jetpack_sharing_enabled":true,"_links":{"self":[{"href":"https:\/\/zonaroja.com.mx\/index.php?rest_route=\/wp\/v2\/posts\/75876","targetHints":{"allow":["GET"]}}],"collection":[{"href":"https:\/\/zonaroja.com.mx\/index.php?rest_route=\/wp\/v2\/posts"}],"about":[{"href":"https:\/\/zonaroja.com.mx\/index.php?rest_route=\/wp\/v2\/types\/post"}],"author":[{"embeddable":true,"href":"https:\/\/zonaroja.com.mx\/index.php?rest_route=\/wp\/v2\/users\/2"}],"replies":[{"embeddable":true,"href":"https:\/\/zonaroja.com.mx\/index.php?rest_route=%2Fwp%2Fv2%2Fcomments&post=75876"}],"version-history":[{"count":1,"href":"https:\/\/zonaroja.com.mx\/index.php?rest_route=\/wp\/v2\/posts\/75876\/revisions"}],"predecessor-version":[{"id":75878,"href":"https:\/\/zonaroja.com.mx\/index.php?rest_route=\/wp\/v2\/posts\/75876\/revisions\/75878"}],"wp:featuredmedia":[{"embeddable":true,"href":"https:\/\/zonaroja.com.mx\/index.php?rest_route=\/wp\/v2\/media\/75877"}],"wp:attachment":[{"href":"https:\/\/zonaroja.com.mx\/index.php?rest_route=%2Fwp%2Fv2%2Fmedia&parent=75876"}],"wp:term":[{"taxonomy":"category","embeddable":true,"href":"https:\/\/zonaroja.com.mx\/index.php?rest_route=%2Fwp%2Fv2%2Fcategories&post=75876"},{"taxonomy":"post_tag","embeddable":true,"href":"https:\/\/zonaroja.com.mx\/index.php?rest_route=%2Fwp%2Fv2%2Ftags&post=75876"}],"curies":[{"name":"wp","href":"https:\/\/api.w.org\/{rel}","templated":true}]}}