{"id":75888,"date":"2024-12-27T17:01:19","date_gmt":"2024-12-27T23:01:19","guid":{"rendered":"https:\/\/zonaroja.com.mx\/?p=75888"},"modified":"2024-12-27T17:01:21","modified_gmt":"2024-12-27T23:01:21","slug":"identifica-la-fiscalia-de-oaxaca-a-presuntos-homicidas-de-ciclista-manuel","status":"publish","type":"post","link":"https:\/\/zonaroja.com.mx\/?p=75888","title":{"rendered":"Identifica la Fiscal\u00eda de Oaxaca a presuntos homicidas de ciclista Manuel\u00a0"},"content":{"rendered":"\n<p>Redacci\u00f3n\/Zona Roja.&nbsp;<\/p>\n\n\n\n<p>Oaxaca de Ju\u00e1rez, Oax. 27 de diciembre de 2024.-La Fiscal\u00eda General del Estado de Oaxaca (FGEO) inform\u00f3 que cuenta con avances significativos respecto a los hechos en que perdi\u00f3 la vida un ciclista y otro m\u00e1s result\u00f3 lesionado, el pasado 25 de diciembre, d\u00eda de Navidad.<\/p>\n\n\n\n<p>En un comunicado, expuso que el caso se investiga por los delitos de Homicidio Culposo y Lesiones Culposas, en el que ya se tiene identificadas a las dos personas que viajaban a bordo del veh\u00edculo (Nissan, NP 300) que habr\u00eda provocado el accidente vial.<\/p>\n\n\n\n<p>El percance ocurri\u00f3 en a avenida Ferrocarril, atr\u00e1s de los edificios de Ciudad Administrativa, paralela a la carretera federal 190, jurisdicci\u00f3n de Tlalixtac de Cabrera; una de las v\u00edctimas, Manuel Alejandro \u201cN\u201d, perdi\u00f3 la vida y su padre result\u00f3 lesionado.<\/p>\n\n\n\n<p>\u201cLas labores multidisciplinarias de investigaci\u00f3n criminal que lleva a cabo la FGEO, a trav\u00e9s de la Vicefiscal\u00eda Regional de Valles Centrales, permiti\u00f3 establecer la identidad del conductor y la persona que le acompa\u00f1aba en el veh\u00edculo con el cual atropellaron a dos personas que viajaban a bordo de bicicletas\u201d, inform\u00f3.<\/p>\n\n\n\n<p>A\u00f1adi\u00f3 que los trabajos periciales y forenses fortalecen los trabajos ministeriales para presentar ante la justicia las personas responsables por la comisi\u00f3n de estos delitos, con el objetivo que las v\u00edctimas directas e indirectas tengan pleno acceso a la justicia a trav\u00e9s de los mecanismos legales correspondientes, as\u00ed como a la reparaci\u00f3n del da\u00f1o.<\/p>\n\n\n\n<p>\u201cAdem\u00e1s de los actos de investigaci\u00f3n realizados para esclarecer el caso, la Fiscal\u00eda de Oaxaca tiene asegurada la camioneta marca Nissan NP300 color blanca con placas de circulaci\u00f3n RY82756 del Estado de Oaxaca, la cual habr\u00eda provocado este accidente.<\/p>\n\n\n\n<p>\u201cLa Fiscal\u00eda de Oaxaca tambi\u00e9n brinda acompa\u00f1amiento integral para las v\u00edctimas, ofreciendo servicios en diferentes materias para atender las necesidades de las personas afectadas\u201d, detall\u00f3 la instituci\u00f3n que preside Bernardo Rodr\u00edguez Alamilla.<\/p>\n","protected":false},"excerpt":{"rendered":"<p>Redacci\u00f3n\/Zona Roja.&nbsp; Oaxaca de Ju\u00e1rez, Oax. 27 de diciembre de 2024.-La Fiscal\u00eda General del Estado&hellip;<\/p>\n","protected":false},"author":2,"featured_media":75889,"comment_status":"closed","ping_status":"open","sticky":false,"template":"","format":"standard","meta":{"_lmt_disableupdate":"","_lmt_disable":"","_jetpack_memberships_contains_paid_content":false,"footnotes":""},"categories":[109,46],"tags":[494],"class_list":["post-75888","post","type-post","status-publish","format-standard","has-post-thumbnail","hentry","category-minuto-a-minuto","category-zona-blanca","tag-fiscalia-general-del-estado-de-oaxaca"],"jetpack_featured_media_url":"https:\/\/zonaroja.com.mx\/wp-content\/uploads\/2024\/12\/Camioneta-Nissan-atropellamiento-ciclista-Tlalixtac.jpg","jetpack_sharing_enabled":true,"_links":{"self":[{"href":"https:\/\/zonaroja.com.mx\/index.php?rest_route=\/wp\/v2\/posts\/75888","targetHints":{"allow":["GET"]}}],"collection":[{"href":"https:\/\/zonaroja.com.mx\/index.php?rest_route=\/wp\/v2\/posts"}],"about":[{"href":"https:\/\/zonaroja.com.mx\/index.php?rest_route=\/wp\/v2\/types\/post"}],"author":[{"embeddable":true,"href":"https:\/\/zonaroja.com.mx\/index.php?rest_route=\/wp\/v2\/users\/2"}],"replies":[{"embeddable":true,"href":"https:\/\/zonaroja.com.mx\/index.php?rest_route=%2Fwp%2Fv2%2Fcomments&post=75888"}],"version-history":[{"count":1,"href":"https:\/\/zonaroja.com.mx\/index.php?rest_route=\/wp\/v2\/posts\/75888\/revisions"}],"predecessor-version":[{"id":75890,"href":"https:\/\/zonaroja.com.mx\/index.php?rest_route=\/wp\/v2\/posts\/75888\/revisions\/75890"}],"wp:featuredmedia":[{"embeddable":true,"href":"https:\/\/zonaroja.com.mx\/index.php?rest_route=\/wp\/v2\/media\/75889"}],"wp:attachment":[{"href":"https:\/\/zonaroja.com.mx\/index.php?rest_route=%2Fwp%2Fv2%2Fmedia&parent=75888"}],"wp:term":[{"taxonomy":"category","embeddable":true,"href":"https:\/\/zonaroja.com.mx\/index.php?rest_route=%2Fwp%2Fv2%2Fcategories&post=75888"},{"taxonomy":"post_tag","embeddable":true,"href":"https:\/\/zonaroja.com.mx\/index.php?rest_route=%2Fwp%2Fv2%2Ftags&post=75888"}],"curies":[{"name":"wp","href":"https:\/\/api.w.org\/{rel}","templated":true}]}}