{"id":75897,"date":"2024-12-27T21:19:09","date_gmt":"2024-12-28T03:19:09","guid":{"rendered":"https:\/\/zonaroja.com.mx\/?p=75897"},"modified":"2024-12-27T21:19:12","modified_gmt":"2024-12-28T03:19:12","slug":"denuncian-en-oaxaca-abandono-de-la-reserva-cuicatlan-tehuacan","status":"publish","type":"post","link":"https:\/\/zonaroja.com.mx\/?p=75897","title":{"rendered":"Denuncian en Oaxaca abandono de la reserva Cuicatl\u00e1n-Tehuac\u00e1n"},"content":{"rendered":"\n<p>Redacci\u00f3n\/Estado 20.<\/p>\n\n\n\n<p>Oaxaca de Ju\u00e1rez, Oax., a 27 de diciembre de 2024.- El presidente del Comisariado de Bienes Comunales de San Miguel Tequixtepec, Fernando Cruz V\u00e1squez, protest\u00f3 hoy frente al Palacio de Gobierno en la ciudad de Oaxaca para exigir una audiencia con la titular de la Secretar\u00eda del Medio Ambiente y Recursos Naturales (Semarnat), Alicia B\u00e1rcena Ibarra.<\/p>\n\n\n\n<p>Lo anterior, porque alrededor de 16 mil hect\u00e1reas de la Reserva de la Bi\u00f3sfera Tehuac\u00e1n-Cuicatl\u00e1n est\u00e1 muriendo a causa de una plaga de plantas parasitarias.<\/p>\n\n\n\n<p>Esta plaga, mencion\u00f3, ha matado todo el arbolado de la Ca\u00f1ada Grande y del Cerro del Gran Caracol, el cual es el que le da el nombre a su comunidad en el idioma chocholteco.<\/p>\n\n\n\n<p>Adem\u00e1s, dijo que las autoridades del gobierno del estado en el sexenio de Ulises Ruiz Ortiz permitieron la instalaci\u00f3n de una megagranja porcina del consorcio Socorro Romero, la cual tiene una producci\u00f3n de 30 mil lechones al trimestre. El gobierno \u201cprometi\u00f3 el progreso y el desarrollo a la comunidad, pero fue abandonada a su suerte\u201d.<\/p>\n\n\n\n<p>El presidente del Comisariado de San Miguel Tequixtepec asegur\u00f3 que desde hace una d\u00e9cada, los gobiernos federal y estatal han sido omisos ante la plaga que afecta la reserva de la bi\u00f3sfera.<\/p>\n\n\n\n<p>Adem\u00e1s, asegur\u00f3 que la reserva de la bi\u00f3sfera fue un enga\u00f1o para las comunidades, al menos para los chocholtecos de Tequixtepec, porque los titulares de la Comisi\u00f3n Nacional de \u00c1reas Protegidas (Conanp) no los incluyen en los programas ni en los estudios que realizan, por lo cual los mantienen al margen.<\/p>\n\n\n\n<p>Y lo grave, dijo, es que existen plagas principalmente de la llamada \u201cgallinita\u201d que est\u00e1 acabando con la vegetaci\u00f3n y acelerando el proceso de desertificaci\u00f3n que vive la Mixteca de Oaxaca, y que los est\u00e1 dejando sin agua.<\/p>\n\n\n\n<p>\u201cEs importante mencionar que la vegetaci\u00f3n con la que contamos es escasa, centenaria y con caracter\u00edsticas \u00fanicas, por lo que, al secarse y morir, de continuar este proceso, nos dejar\u00e1 sin el agua que ahora tenemos, cuya escasez nos est\u00e1 obligando a dejar la siembra del campo por falta de agua.<\/p>\n\n\n\n<p>\u201cAl existir vegetaci\u00f3n seca que se transforma en combustible, hace que se propaguen los incendios, las heladas comienzas a registrarse y aumentar\u00e1n la vegetaci\u00f3n muerta, lo que incrementa las posibilidades de incendios\u201d, expuso.<\/p>\n\n\n\n<figure class=\"wp-block-embed is-type-rich is-provider-twitter wp-block-embed-twitter\"><div class=\"wp-block-embed__wrapper\">\n<div class=\"twitter-tweet\"><blockquote class=\"twitter-tweet\" data-lang=\"es\"><p lang=\"es\" dir=\"ltr\"><a href=\"https:\/\/twitter.com\/hashtag\/ENVIVO?src=hash&amp;ref_src=twsrc%5Etfw\">#ENVIVO<\/a><br>Oaxaca, Oax., a 27 de diciembre de 2024.- El Comisariado de Bienes Comunales de San Miguel Tequixtepec, que preside Fernando Cruz, denuncia descuidos y plagas en la reserva de la biosfera Tehuac\u00e1n-Cuicatl\u00e1n.<br>\ud83d\udc47<a href=\"https:\/\/t.co\/rcEaGj8x7s\">https:\/\/t.co\/rcEaGj8x7s<\/a>?<\/p>&mdash; Zona Roja Oaxaca (@ZonaRoja_Oaxaca) <a href=\"https:\/\/twitter.com\/ZonaRoja_Oaxaca\/status\/1872711368958459982?ref_src=twsrc%5Etfw\">27 de diciembre de 2024<\/a><\/blockquote><\/div>\n<\/div><\/figure>\n","protected":false},"excerpt":{"rendered":"<p>Redacci\u00f3n\/Estado 20. Oaxaca de Ju\u00e1rez, Oax., a 27 de diciembre de 2024.- El presidente del&hellip;<\/p>\n","protected":false},"author":2,"featured_media":75898,"comment_status":"closed","ping_status":"open","sticky":false,"template":"","format":"standard","meta":{"_lmt_disableupdate":"","_lmt_disable":"","_jetpack_memberships_contains_paid_content":false,"footnotes":""},"categories":[109,47],"tags":[],"class_list":["post-75897","post","type-post","status-publish","format-standard","has-post-thumbnail","hentry","category-minuto-a-minuto","category-zona-gris"],"jetpack_featured_media_url":"https:\/\/zonaroja.com.mx\/wp-content\/uploads\/2024\/12\/Protesta-Tequixtepec-reserva-biosfera.jpg","jetpack_sharing_enabled":true,"_links":{"self":[{"href":"https:\/\/zonaroja.com.mx\/index.php?rest_route=\/wp\/v2\/posts\/75897","targetHints":{"allow":["GET"]}}],"collection":[{"href":"https:\/\/zonaroja.com.mx\/index.php?rest_route=\/wp\/v2\/posts"}],"about":[{"href":"https:\/\/zonaroja.com.mx\/index.php?rest_route=\/wp\/v2\/types\/post"}],"author":[{"embeddable":true,"href":"https:\/\/zonaroja.com.mx\/index.php?rest_route=\/wp\/v2\/users\/2"}],"replies":[{"embeddable":true,"href":"https:\/\/zonaroja.com.mx\/index.php?rest_route=%2Fwp%2Fv2%2Fcomments&post=75897"}],"version-history":[{"count":1,"href":"https:\/\/zonaroja.com.mx\/index.php?rest_route=\/wp\/v2\/posts\/75897\/revisions"}],"predecessor-version":[{"id":75899,"href":"https:\/\/zonaroja.com.mx\/index.php?rest_route=\/wp\/v2\/posts\/75897\/revisions\/75899"}],"wp:featuredmedia":[{"embeddable":true,"href":"https:\/\/zonaroja.com.mx\/index.php?rest_route=\/wp\/v2\/media\/75898"}],"wp:attachment":[{"href":"https:\/\/zonaroja.com.mx\/index.php?rest_route=%2Fwp%2Fv2%2Fmedia&parent=75897"}],"wp:term":[{"taxonomy":"category","embeddable":true,"href":"https:\/\/zonaroja.com.mx\/index.php?rest_route=%2Fwp%2Fv2%2Fcategories&post=75897"},{"taxonomy":"post_tag","embeddable":true,"href":"https:\/\/zonaroja.com.mx\/index.php?rest_route=%2Fwp%2Fv2%2Ftags&post=75897"}],"curies":[{"name":"wp","href":"https:\/\/api.w.org\/{rel}","templated":true}]}}