{"id":7590,"date":"2020-01-12T10:57:52","date_gmt":"2020-01-12T16:57:52","guid":{"rendered":"https:\/\/www.zonaroja.com.mx\/?p=7590"},"modified":"2020-01-12T11:57:44","modified_gmt":"2020-01-12T17:57:44","slug":"poder-judicial-complice-de-la-violencia-contra-las-mujeres-en-mexico-vanessa-bauche","status":"publish","type":"post","link":"https:\/\/zonaroja.com.mx\/?p=7590","title":{"rendered":"Poder Judicial c\u00f3mplice de la violencia contra las mujeres en M\u00e9xico: Vanessa Bauche"},"content":{"rendered":"\n<p>Evlin Arag\u00f3n\/Zona Roja.<\/p>\n\n\n\n<p>Oaxaca de Ju\u00e1rez, Oax., 12 de enero de 2020.- La reconocida actriz mexicana Vanessa Bauche se uni\u00f3 al llamado del Colectivo 50+1 y exigi\u00f3 justicia para la joven saxofonista atacada con \u00e1cido en Oaxaca, Mar\u00eda Elena R\u00edos Ortiz, a la par que cuestion\u00f3 el amparo promovido por el empresario Juan Antonio Vera Carrizal, se\u00f1alado por la familia de la v\u00edctima como autor intelectual.<br \/><\/p>\n\n\n\n<p>De acuerdo con la interprete, es evidente la ola de cr\u00edmenes de odio con extrema crueldad hacia las mujeres en M\u00e9xico, dentro del cual se encuentra el de la oaxaque\u00f1a de 26 a\u00f1os de edad, que fue atacada al interior de su casa, con da\u00f1os irreversibles en la mayor parte de su cuerpo y sorprendentemente la justicia a\u00fan no llega para ella.<br \/><\/p>\n\n\n\n<p>\u201cNi Mar\u00eda Elena, ni nadie de la familia cuentan con apoyo psicol\u00f3gico para fortalecerse y sobrellevar las consecuencias de esta acci\u00f3n artera que ha afectado la vida de una familia entera para siempre\u201d, dijo la artista en una publicaci\u00f3n difundida a trav\u00e9s de sus redes sociales.<br \/><\/p>\n\n\n\n<p>En este sentido, critic\u00f3 que el Poder Judicial en M\u00e9xico no dimensione la gravedad de la violencia de g\u00e9nero y feminicida, por el contrario pareciera que act\u00faa en contubernio con los agresores de las mujeres que muchas veces quedan libres de cargos, contribuyendo a la impunidad que impera en el pa\u00eds.<br \/><\/p>\n\n\n\n<p>Prueba de ello, los tres mil 500 pesos que le cost\u00f3 a Vera Carrizal tramitar un amparo para impedir ser detenido en caso de ser solicitado por la Fiscal\u00eda General del Estado de Oaxaca, que a cuatro meses de los hechos, a\u00fan no concluye las investigaciones que permitan esclarecer los hechos, identificar a los autores intelectuales y gestionar las sanciones correspondientes.<br \/><\/p>\n\n\n\n<p>Vanessa Bauche lament\u00f3 que el caso de Mar\u00eda Elena no sea el \u00fanico en el que la justicia act\u00faa a favor de los agresores, tal es el caso de Abril P\u00e9rez Saga\u00f3n, que tuvo un desenlace fatal ya fue acribillada por sicarios contratados por su ex esposo, pocos meses despu\u00e9s de haberle fracturado el cr\u00e1neo con un bate de b\u00e9isbol mientras dorm\u00eda.<br \/><\/p>\n\n\n\n<p>\u201cNuevamente, el juez desestim\u00f3 la tentativa de feminicidio y actualmente el autor intelectual se encuentra libre en California, eso nos habla de que algo pasa con el sistema judicial en M\u00e9xico\u201d, dijo.<br \/><\/p>\n\n\n\n<p>Tambi\u00e9n record\u00f3 el caso de Lorena Mendoza, quien despu\u00e9s de vivir por muchos a\u00f1os violencia f\u00edsica, psicol\u00f3gica y sexual por parte de su esposo, finalmente denunci\u00f3, no obstante, en el proceso los jueces determinaron quitarle la guarda y custodia de sus hijas y entregarla a la suegra, madre del agresor, quien vive en la misma casa que \u00e9l.<br \/><\/p>\n\n\n\n<p>Por lo anterior se uni\u00f3 a la exigencia del Colectivo 50+1 y pidi\u00f3 la atenci\u00f3n inmediata, integral y especializada de acompa\u00f1amiento para las v\u00edctimas y sus familias; indagaci\u00f3n profunda de los hechos; y sanciones correspondientes a todos los involucrados.<\/p>\n\n\n\n<p>Detall\u00f3 es fundamental que exista&nbsp;la investigaci\u00f3n de las caracter\u00edsticas de los otorgamientos de amparos a agresores que contin\u00faan en libertad;&nbsp;sanciones para los jueces que presenten actuaci\u00f3n indebida de su funci\u00f3n; as\u00ed como la reparaci\u00f3n del da\u00f1o a v\u00edctimas y sus familias.<\/p>\n\n\n\n<p>As\u00ed mismo hizo un llamado al gobierno federal para que adopte las medidas necesarias y en calidad de urgente a fin de que el \u201cdesastre social nacional\u201d como describi\u00f3 la violencia de g\u00e9nero y feminicida actual sea atendido de forma contundente.<br class=\"Apple-interchange-newline\" \/><\/p>\n","protected":false},"excerpt":{"rendered":"<p>Evlin Arag\u00f3n\/Zona Roja. Oaxaca de Ju\u00e1rez, Oax., 12 de enero de 2020.- La reconocida actriz&hellip;<\/p>\n","protected":false},"author":2,"featured_media":6717,"comment_status":"closed","ping_status":"open","sticky":false,"template":"","format":"standard","meta":{"_lmt_disableupdate":"","_lmt_disable":"","_jetpack_memberships_contains_paid_content":false,"footnotes":""},"categories":[109,47],"tags":[1124],"class_list":["post-7590","post","type-post","status-publish","format-standard","has-post-thumbnail","hentry","category-minuto-a-minuto","category-zona-gris","tag-maria-elena-rios-ortiz"],"jetpack_featured_media_url":"https:\/\/zonaroja.com.mx\/wp-content\/uploads\/2019\/12\/Vera-Carrizal.jpg","jetpack_sharing_enabled":true,"_links":{"self":[{"href":"https:\/\/zonaroja.com.mx\/index.php?rest_route=\/wp\/v2\/posts\/7590","targetHints":{"allow":["GET"]}}],"collection":[{"href":"https:\/\/zonaroja.com.mx\/index.php?rest_route=\/wp\/v2\/posts"}],"about":[{"href":"https:\/\/zonaroja.com.mx\/index.php?rest_route=\/wp\/v2\/types\/post"}],"author":[{"embeddable":true,"href":"https:\/\/zonaroja.com.mx\/index.php?rest_route=\/wp\/v2\/users\/2"}],"replies":[{"embeddable":true,"href":"https:\/\/zonaroja.com.mx\/index.php?rest_route=%2Fwp%2Fv2%2Fcomments&post=7590"}],"version-history":[{"count":1,"href":"https:\/\/zonaroja.com.mx\/index.php?rest_route=\/wp\/v2\/posts\/7590\/revisions"}],"predecessor-version":[{"id":7591,"href":"https:\/\/zonaroja.com.mx\/index.php?rest_route=\/wp\/v2\/posts\/7590\/revisions\/7591"}],"wp:featuredmedia":[{"embeddable":true,"href":"https:\/\/zonaroja.com.mx\/index.php?rest_route=\/wp\/v2\/media\/6717"}],"wp:attachment":[{"href":"https:\/\/zonaroja.com.mx\/index.php?rest_route=%2Fwp%2Fv2%2Fmedia&parent=7590"}],"wp:term":[{"taxonomy":"category","embeddable":true,"href":"https:\/\/zonaroja.com.mx\/index.php?rest_route=%2Fwp%2Fv2%2Fcategories&post=7590"},{"taxonomy":"post_tag","embeddable":true,"href":"https:\/\/zonaroja.com.mx\/index.php?rest_route=%2Fwp%2Fv2%2Ftags&post=7590"}],"curies":[{"name":"wp","href":"https:\/\/api.w.org\/{rel}","templated":true}]}}