{"id":75904,"date":"2024-12-28T08:45:00","date_gmt":"2024-12-28T14:45:00","guid":{"rendered":"https:\/\/zonaroja.com.mx\/?p=75904"},"modified":"2024-12-28T07:43:21","modified_gmt":"2024-12-28T13:43:21","slug":"en-suspenso-situacion-de-las-1344-plazas-laborales-extinguidas","status":"publish","type":"post","link":"https:\/\/zonaroja.com.mx\/?p=75904","title":{"rendered":"En suspenso, situaci\u00f3n de las 1,344 plazas laborales extinguidas"},"content":{"rendered":"\n<p>Ismael Garc\u00eda M.\/Zona Roja.<\/p>\n\n\n\n<p>Oaxaca de Ju\u00e1rez, Oax., a 28 de diciembre de 2024.- Representantes del sindicato de bur\u00f3cratas y autoridades del gobierno de Oaxaca decretaron un receso en la mesa de negociaci\u00f3n en que se revisa la situaci\u00f3n de las mil 344 plazas laborales extinguidas por decreto aprobado por el Congreso del Estado.<\/p>\n\n\n\n<p>Ayer a las 18:00 horas fueron citadas las partes en el Centro Cultural y de Convenciones de Oaxaca, ubicado en Santa Luc\u00eda del Camino; sin embargo, la dirigencia del Sindicato de Trabajadores de los Poderes del Estado e Instituciones Descentralizadas de Car\u00e1cter Estatal, encabezada por Pedro Castillejos Villalobos, llegaron hasta las 19:30 horas.<\/p>\n\n\n\n<p>En el exterior se concentraron cientos de los afectados, que cerraron un tramo de la avenida L\u00e1zaro C\u00e1rdenas, frente al inmueble gubernamental.<\/p>\n\n\n\n<p>Fue casi a la media noche en que los representantes sindicales salieron de la mesa de negociaci\u00f3n para informar que se decret\u00f3 un receso a las pl\u00e1ticas, las cuales se reanudar\u00e1n este s\u00e1bado.<\/p>\n\n\n\n<p>Castillejos Villalobos inform\u00f3 a los ex trabajadores los criterios que se siguen analizando para reconocer de nuevo las plazas laborales extinguidas por decreto.<\/p>\n\n\n\n<p>Entre ellos, que el trabajador se presentaba a laborar; que forme parte de un grupo vulnerable, personas con discapacidad, gravidez o con alguna enfermedad; los a\u00f1os de servicio, contando desde que comenzaron a laborar, los que tienen varios a\u00f1os aportando al Fondo de Pensiones.<\/p>\n\n\n\n<p>De la misma manera, quienes hayan cumplido seis meses laborando de manera formal, en cualquier modalidad, tiene derecho recuperar su plazas.<\/p>\n\n\n\n<p>Y quienes no se presentaron f\u00edsicamente a entregar su documentaci\u00f3n, en los plazos establecidos por el gobierno, no entrar\u00edan en la recuperaci\u00f3n.<\/p>\n\n\n\n<p>Sobre estos criterios, no hay confirmaci\u00f3n de que sean aceptados por los representantes del Gobierno del Estado.<\/p>\n\n\n\n<p>A\u00fan por confirmar la hora, este s\u00e1bado reanudar\u00e1n la mesa de negociaci\u00f3n.<\/p>\n\n\n\n<p>Fue el mi\u00e9rcoles 11 de diciembre por la noche en que la 66 Legislatura del Congreso del Estado de Oaxaca aprob\u00f3 por mayor\u00eda el decreto enviado por la autoridad estatal para extinguir mil 344 plazas laborales, por estar presuntamente en situaci\u00f3n irregular.<\/p>\n\n\n\n<figure class=\"wp-block-embed is-type-rich is-provider-twitter wp-block-embed-twitter\"><div class=\"wp-block-embed__wrapper\">\n<div class=\"twitter-tweet\"><blockquote class=\"twitter-tweet\" data-lang=\"es\"><p lang=\"es\" dir=\"ltr\">En suspenso a\u00fan la situaci\u00f3n de las mil 344 bases laborales revocadas mediante decreto por el <a href=\"https:\/\/twitter.com\/GobOax?ref_src=twsrc%5Etfw\">@GobOax<\/a>. Casi a la media noche de ayer, autoridades y representantes del STPEIDCEO acordaron una pausa en la mesa de revisi\u00f3n, que continuar\u00e1 este s\u00e1bado. <a href=\"https:\/\/t.co\/Gf4HKue4Ks\">pic.twitter.com\/Gf4HKue4Ks<\/a><\/p>&mdash; Zona Roja Oaxaca (@ZonaRoja_Oaxaca) <a href=\"https:\/\/twitter.com\/ZonaRoja_Oaxaca\/status\/1873000922844151926?ref_src=twsrc%5Etfw\">28 de diciembre de 2024<\/a><\/blockquote><\/div>\n<\/div><\/figure>\n","protected":false},"excerpt":{"rendered":"<p>Ismael Garc\u00eda M.\/Zona Roja. Oaxaca de Ju\u00e1rez, Oax., a 28 de diciembre de 2024.- Representantes&hellip;<\/p>\n","protected":false},"author":2,"featured_media":75905,"comment_status":"closed","ping_status":"open","sticky":false,"template":"","format":"standard","meta":{"_lmt_disableupdate":"","_lmt_disable":"","_jetpack_memberships_contains_paid_content":false,"footnotes":""},"categories":[109,47],"tags":[],"class_list":["post-75904","post","type-post","status-publish","format-standard","has-post-thumbnail","hentry","category-minuto-a-minuto","category-zona-gris"],"jetpack_featured_media_url":"https:\/\/zonaroja.com.mx\/wp-content\/uploads\/2024\/12\/Sindicalizados-STEPIDCEO-reunion-centro-de-convenciones-Oaxaca.jpg","jetpack_sharing_enabled":true,"_links":{"self":[{"href":"https:\/\/zonaroja.com.mx\/index.php?rest_route=\/wp\/v2\/posts\/75904","targetHints":{"allow":["GET"]}}],"collection":[{"href":"https:\/\/zonaroja.com.mx\/index.php?rest_route=\/wp\/v2\/posts"}],"about":[{"href":"https:\/\/zonaroja.com.mx\/index.php?rest_route=\/wp\/v2\/types\/post"}],"author":[{"embeddable":true,"href":"https:\/\/zonaroja.com.mx\/index.php?rest_route=\/wp\/v2\/users\/2"}],"replies":[{"embeddable":true,"href":"https:\/\/zonaroja.com.mx\/index.php?rest_route=%2Fwp%2Fv2%2Fcomments&post=75904"}],"version-history":[{"count":1,"href":"https:\/\/zonaroja.com.mx\/index.php?rest_route=\/wp\/v2\/posts\/75904\/revisions"}],"predecessor-version":[{"id":75906,"href":"https:\/\/zonaroja.com.mx\/index.php?rest_route=\/wp\/v2\/posts\/75904\/revisions\/75906"}],"wp:featuredmedia":[{"embeddable":true,"href":"https:\/\/zonaroja.com.mx\/index.php?rest_route=\/wp\/v2\/media\/75905"}],"wp:attachment":[{"href":"https:\/\/zonaroja.com.mx\/index.php?rest_route=%2Fwp%2Fv2%2Fmedia&parent=75904"}],"wp:term":[{"taxonomy":"category","embeddable":true,"href":"https:\/\/zonaroja.com.mx\/index.php?rest_route=%2Fwp%2Fv2%2Fcategories&post=75904"},{"taxonomy":"post_tag","embeddable":true,"href":"https:\/\/zonaroja.com.mx\/index.php?rest_route=%2Fwp%2Fv2%2Ftags&post=75904"}],"curies":[{"name":"wp","href":"https:\/\/api.w.org\/{rel}","templated":true}]}}