{"id":75910,"date":"2024-12-28T11:00:00","date_gmt":"2024-12-28T17:00:00","guid":{"rendered":"https:\/\/zonaroja.com.mx\/?p=75910"},"modified":"2024-12-28T12:33:50","modified_gmt":"2024-12-28T18:33:50","slug":"matan-a-una-mujer-en-pinotepa-y-lesionan-a-su-pareja-balacera-en-juchitan","status":"publish","type":"post","link":"https:\/\/zonaroja.com.mx\/?p=75910","title":{"rendered":"Muere mujer baleada en Pinotepa; su pareja herido; balacera en Juchit\u00e1n"},"content":{"rendered":"\n<p>Ismael Garc\u00eda M.\/Zona Roja.<\/p>\n\n\n\n<p>Oaxaca de Ju\u00e1rez, Oax., a 28 de diciembre de 2024.- Autoridades policiacas y ministeriales confirmaron el fallecimiento de una mujer en Santiago Pinotepa Nacional, tras ser agredida a balazos ayer junto con su pareja, quien convalece en un hospital.<\/p>\n\n\n\n<p>Fue ayer viernes por la tarde en que se registr\u00f3 la agresi\u00f3n armada en la avenida Venustiano Carranza esquina con la calle 23 Poniente, en la colonia El Porvenir de ese municipio de la regi\u00f3n Costa.<\/p>\n\n\n\n<p>Las v\u00edctimas, Yesenia S. D., de 30 a\u00f1os de edad, y Jos\u00e9 E. \u00c1., resultaron lesionadas de gravedad, por lo cual fueron trasladadas a un nosocomio; por la noche se confirm\u00f3 el deceso de la mujer.<\/p>\n\n\n\n<p>Personal de la Vicefiscal\u00eda Regional de la Costa, de la Fiscal\u00eda General del Estado de Oaxaca, contin\u00faa con las indagatorias, a fin de esclarecer los hechos.<\/p>\n\n\n\n<p>BALACERA<\/p>\n\n\n\n<p>Por otra parte, anoche en Juchit\u00e1n de Zaragoza se registr\u00f3 un ataque armado en contra de un domicilio, ubicado en la calle Guiechachi esquina con avenida Oaxaca de la Segunda Secci\u00f3n.<\/p>\n\n\n\n<p>Tras el arribo de corporaciones policiacas, se confirm\u00f3 que no hubo personas lesionadas ni fallecidas; efectuaron operativos de b\u00fasqueda pero sin \u00e9xito alguno.<\/p>\n\n\n\n<p>La Fiscal\u00eda General del Estado, a trav\u00e9s de la Vicefiscal\u00eda Regional del Istmo, inici\u00f3 las investigaciones para deslindar los hechos.<\/p>\n\n\n\n<p>El pasado jueves se report\u00f3 un asalto armado a un cuentahabiente, en la colonia Gustavo Pineda de la Cruz, a quien amagaron con un arma de fuego, le quitaron tarjetas bancarias y lo obligaron a que les proporcionara la contrase\u00f1a.<\/p>\n","protected":false},"excerpt":{"rendered":"<p>Ismael Garc\u00eda M.\/Zona Roja. Oaxaca de Ju\u00e1rez, Oax., a 28 de diciembre de 2024.- Autoridades&hellip;<\/p>\n","protected":false},"author":2,"featured_media":75911,"comment_status":"closed","ping_status":"open","sticky":false,"template":"","format":"standard","meta":{"_lmt_disableupdate":"","_lmt_disable":"","_jetpack_memberships_contains_paid_content":false,"footnotes":""},"categories":[109,51],"tags":[916],"class_list":["post-75910","post","type-post","status-publish","format-standard","has-post-thumbnail","hentry","category-minuto-a-minuto","category-zona-roja","tag-pinotepa-nacional"],"jetpack_featured_media_url":"https:\/\/zonaroja.com.mx\/wp-content\/uploads\/2024\/12\/Pinotepa-Nacional-Oaxaca.jpg","jetpack_sharing_enabled":true,"_links":{"self":[{"href":"https:\/\/zonaroja.com.mx\/index.php?rest_route=\/wp\/v2\/posts\/75910","targetHints":{"allow":["GET"]}}],"collection":[{"href":"https:\/\/zonaroja.com.mx\/index.php?rest_route=\/wp\/v2\/posts"}],"about":[{"href":"https:\/\/zonaroja.com.mx\/index.php?rest_route=\/wp\/v2\/types\/post"}],"author":[{"embeddable":true,"href":"https:\/\/zonaroja.com.mx\/index.php?rest_route=\/wp\/v2\/users\/2"}],"replies":[{"embeddable":true,"href":"https:\/\/zonaroja.com.mx\/index.php?rest_route=%2Fwp%2Fv2%2Fcomments&post=75910"}],"version-history":[{"count":2,"href":"https:\/\/zonaroja.com.mx\/index.php?rest_route=\/wp\/v2\/posts\/75910\/revisions"}],"predecessor-version":[{"id":75921,"href":"https:\/\/zonaroja.com.mx\/index.php?rest_route=\/wp\/v2\/posts\/75910\/revisions\/75921"}],"wp:featuredmedia":[{"embeddable":true,"href":"https:\/\/zonaroja.com.mx\/index.php?rest_route=\/wp\/v2\/media\/75911"}],"wp:attachment":[{"href":"https:\/\/zonaroja.com.mx\/index.php?rest_route=%2Fwp%2Fv2%2Fmedia&parent=75910"}],"wp:term":[{"taxonomy":"category","embeddable":true,"href":"https:\/\/zonaroja.com.mx\/index.php?rest_route=%2Fwp%2Fv2%2Fcategories&post=75910"},{"taxonomy":"post_tag","embeddable":true,"href":"https:\/\/zonaroja.com.mx\/index.php?rest_route=%2Fwp%2Fv2%2Ftags&post=75910"}],"curies":[{"name":"wp","href":"https:\/\/api.w.org\/{rel}","templated":true}]}}