{"id":75916,"date":"2024-12-28T10:26:00","date_gmt":"2024-12-28T16:26:00","guid":{"rendered":"https:\/\/zonaroja.com.mx\/?p=75916"},"modified":"2024-12-28T11:25:16","modified_gmt":"2024-12-28T17:25:16","slug":"enesimo-cateo-de-la-fiscalia-ahora-en-santa-catarina-loxicha","status":"publish","type":"post","link":"https:\/\/zonaroja.com.mx\/?p=75916","title":{"rendered":"En\u00e9simo cateo de la Fiscal\u00eda, ahora en Santa Catarina Loxicha"},"content":{"rendered":"\n<p>Redacci\u00f3n\/Zona Roja.<\/p>\n\n\n\n<p>Oaxaca de Ju\u00e1rez, Oax. 28 de diciembre de 2024.- Como parte de las labores de investigaci\u00f3n ministerial para el combate de los delitos de alto impacto, la Fiscal\u00eda General del Estado de Oaxaca (FGEO) ejecut\u00f3 una orden de cateo en la regi\u00f3n de la Sierra Sur, logrando el aseguramiento de un veh\u00edculo de motor desmantelado y con reporte de robo, adem\u00e1s de armas de fuego.<\/p>\n\n\n\n<p>El operativo realizado por elementos de la Agencia Estatal de Investigaciones (AEI) de la Vicefiscal\u00eda General de Control Regional, se efectu\u00f3 en un domicilio ubicado en el municipio de Santa Catarina Loxicha, donde tambi\u00e9n se llevan a cabo las investigaciones pertinentes ante los indicios que apuntan a que, en este lugar presumiblemente desmantelaban veh\u00edculos robados.<\/p>\n\n\n\n<p>En el sitio, los agentes de investigaci\u00f3n hallaron varios veh\u00edculos de motor en malas condiciones por lo que ahondaron las labores ministeriales para deslindar responsabilidades.<\/p>\n\n\n\n<p>La Fiscal\u00eda de Oaxaca realiza trabajos de investigaci\u00f3n con estricto apego a la ley, para que los resultados de las labores de procuraci\u00f3n de justicia permitan mantener la paz social en beneficio de la ciudadan\u00eda.<\/p>\n\n\n\n<p>VINCULADO A PROCESO<\/p>\n\n\n\n<p>En otro caso, la investigaci\u00f3n ministerial especializada que realiza la Fiscal\u00eda General del Estado de Oaxaca (FGEO) permiti\u00f3 obtener auto de vinculaci\u00f3n a proceso en contra de una persona del sexo masculino identificado como J.L.B.C., imputado por los delitos de homicidio calificado y robo espec\u00edfico en agravio de un una persona, ocurrido en la regi\u00f3n Mixteca.<\/p>\n\n\n\n<p>Conforme al expediente penal del caso, los hechos ocurrieron el 04 de diciembre de 2023, cuando la v\u00edctima -quien laboraba como chofer de un taxi- fue privado de la vida con disparos de arma de fuego por un grupo de personas, luego de haber brindado un servicio de viaje con destino a la poblaci\u00f3n de Guadalupe de Benito Ju\u00e1rez del municipio de Santiago Ayuquililla, perteneciente al distrito de Huajuapan de Le\u00f3n.<\/p>\n\n\n\n<p>Ante este hecho, la Fiscal\u00eda de Oaxaca tom\u00f3 conocimiento del caso e inici\u00f3 las investigaciones correspondientes a trav\u00e9s de la Vicefiscal\u00eda Regional de la Mixteca, logrando obtener una orden de aprehensi\u00f3n que permiti\u00f3 la posterior detenci\u00f3n de J.L.B.C., quien fue llevado ante el juez que lo requiri\u00f3.<\/p>\n\n\n\n<p>Tras valorar las pruebas presentadas por la FGEO, el Juez de la causa determin\u00f3 vincular a proceso al J.C.B.C., e impuso la medida cautelar de prisi\u00f3n preventiva oficiosa por los delitos de homicidio calificado y robo espec\u00edfico, concediendo un plazo de dos meses para el cierre de investigaci\u00f3n complementaria.<\/p>\n","protected":false},"excerpt":{"rendered":"<p>Redacci\u00f3n\/Zona Roja. Oaxaca de Ju\u00e1rez, Oax. 28 de diciembre de 2024.- Como parte de las&hellip;<\/p>\n","protected":false},"author":2,"featured_media":71746,"comment_status":"closed","ping_status":"open","sticky":false,"template":"","format":"standard","meta":{"_lmt_disableupdate":"","_lmt_disable":"","_jetpack_memberships_contains_paid_content":false,"footnotes":""},"categories":[109,46],"tags":[494],"class_list":["post-75916","post","type-post","status-publish","format-standard","has-post-thumbnail","hentry","category-minuto-a-minuto","category-zona-blanca","tag-fiscalia-general-del-estado-de-oaxaca"],"jetpack_featured_media_url":"https:\/\/zonaroja.com.mx\/wp-content\/uploads\/2024\/08\/AEI-Agencia-Estatal-Oaxaca.jpg","jetpack_sharing_enabled":true,"_links":{"self":[{"href":"https:\/\/zonaroja.com.mx\/index.php?rest_route=\/wp\/v2\/posts\/75916","targetHints":{"allow":["GET"]}}],"collection":[{"href":"https:\/\/zonaroja.com.mx\/index.php?rest_route=\/wp\/v2\/posts"}],"about":[{"href":"https:\/\/zonaroja.com.mx\/index.php?rest_route=\/wp\/v2\/types\/post"}],"author":[{"embeddable":true,"href":"https:\/\/zonaroja.com.mx\/index.php?rest_route=\/wp\/v2\/users\/2"}],"replies":[{"embeddable":true,"href":"https:\/\/zonaroja.com.mx\/index.php?rest_route=%2Fwp%2Fv2%2Fcomments&post=75916"}],"version-history":[{"count":1,"href":"https:\/\/zonaroja.com.mx\/index.php?rest_route=\/wp\/v2\/posts\/75916\/revisions"}],"predecessor-version":[{"id":75917,"href":"https:\/\/zonaroja.com.mx\/index.php?rest_route=\/wp\/v2\/posts\/75916\/revisions\/75917"}],"wp:featuredmedia":[{"embeddable":true,"href":"https:\/\/zonaroja.com.mx\/index.php?rest_route=\/wp\/v2\/media\/71746"}],"wp:attachment":[{"href":"https:\/\/zonaroja.com.mx\/index.php?rest_route=%2Fwp%2Fv2%2Fmedia&parent=75916"}],"wp:term":[{"taxonomy":"category","embeddable":true,"href":"https:\/\/zonaroja.com.mx\/index.php?rest_route=%2Fwp%2Fv2%2Fcategories&post=75916"},{"taxonomy":"post_tag","embeddable":true,"href":"https:\/\/zonaroja.com.mx\/index.php?rest_route=%2Fwp%2Fv2%2Ftags&post=75916"}],"curies":[{"name":"wp","href":"https:\/\/api.w.org\/{rel}","templated":true}]}}