{"id":75923,"date":"2024-12-28T18:52:25","date_gmt":"2024-12-29T00:52:25","guid":{"rendered":"https:\/\/zonaroja.com.mx\/?p=75923"},"modified":"2024-12-28T18:52:27","modified_gmt":"2024-12-29T00:52:27","slug":"en-menos-de-medio-ano-cinco-ciclistas-atropellados-y-muertos-en-oaxaca","status":"publish","type":"post","link":"https:\/\/zonaroja.com.mx\/?p=75923","title":{"rendered":"En menos de medio a\u00f1o, cinco ciclistas atropellados y muertos en Oaxaca"},"content":{"rendered":"\n<p>Redacci\u00f3n\/Estado 20.<\/p>\n\n\n\n<p>Oaxaca de Ju\u00e1rez, Oax., a 28 de diciembre de 2024.- Esther Soto, del colectivo \u201cGabi Bici Blanca\u201d, asegur\u00f3 que cinco ciclistas han sido asesinados los \u00faltimos cinco meses en el estado de Oaxaca durante \u201csiniestros\u201d viales; dos de ellos, en municipios de la regi\u00f3n Valles Centrales.<\/p>\n\n\n\n<p>Pese a ello, denunci\u00f3, ninguna autoridad se ha pronunciado ni tomado acciones relacionadas con pol\u00edticas p\u00fablicas o el establecimiento de normas para garantizar un entorno seguro para los ciclistas o usuarios de otro tipo de veh\u00edculos sin motor como las patinetas o monopatines.<\/p>\n\n\n\n<p>Integrantes de distintos colectivos de ciclistas y ciclistas de distintas localidades y municipios, acompa\u00f1aron ayer la carroza f\u00fanebre del joven Manuel Alejandro de 22 a\u00f1os de edad, quien fue asesinado el pasado 25 de diciembre de 2024.<\/p>\n\n\n\n<p>Fue arrollado por el conductor de una camioneta que invadi\u00f3 los dos carriles de ciclov\u00eda en el municipio de Tlalixtac de Cabrera; en estos hechos, tambi\u00e9n fue embestido el padre del joven que falleci\u00f3.<\/p>\n\n\n\n<p>\u201cAlgunos compa\u00f1eros ciclistas han comentado que la ciclov\u00eda fue invadida, probablemente por el exceso de velocidad y se presume que tambi\u00e9n bajo el efecto del alcohol, invadi\u00f3 los dos carriles de la ciclov\u00eda, impact\u00f3 contra un \u00e1rbol y fractur\u00f3 de manera permanente a esta familia que pierde a un hijo, y una vida que ten\u00eda mucho por delante\u201d, detall\u00f3 Esther Soto.<\/p>\n\n\n\n<p>La activista record\u00f3 que desde el 18 de noviembre de 2020 se public\u00f3 en el Diario Oficial de la Federaci\u00f3n el derecho a la movilidad de las personas; pero, se\u00f1al\u00f3, este derecho es violentado de muchas formas, y no s\u00f3lo para la comunidad ciclista.<\/p>\n\n\n\n<p>\u201cSin embargo, en Oaxaca hemos visto en lo que van cinco meses ya van cinco ciclistas que han perdido la vida en todo el estado\u2026 Las autoridades no han pronunciado al respecto, no hay pol\u00edticas p\u00fablicas ni normativas que sean asertivas, ejecutadas para garantizar el derecho a la movilidad de todos, y un entorno seguro para los ciclistas y peatones\u201d.<\/p>\n\n\n\n<p>Esther Soto denunci\u00f3 que en la ciudad de Oaxaca y municipios conurbados, constantemente las ciclov\u00edas son invadidas por el transporte de carga, entre ellos taxistas, as\u00ed como por motociclistas, sin que haya una sanci\u00f3n en su contra.<\/p>\n\n\n\n<p>Tambi\u00e9n pidi\u00f3 a la ciudadan\u00eda que si tiene informaci\u00f3n sobre el responsable de la muerte de Manuel Alejandro, que acudan con las autoridades.<\/p>\n\n\n\n<p>\u201cEste homicidio no puede quedar impune. Es una familia que est\u00e1 buscando respuestas, son unos padres que est\u00e1n buscando justicia. Se presume que esta persona ven\u00eda con otros pasajeros, que fue quienes dieron la alerta de que se diera a la fuga y que corriera\u201d.<\/p>\n\n\n\n<p>Este domingo, el colectivo \u201cGabi Bici Blanca\u201d efectuar\u00e1 a partir de las 09:00 horas una rodada del jard\u00edn Labastida hacia Tlalixtac de Cabrera, para colocar una bicicleta en la zona donde muri\u00f3 atropellado el joven ciclista, originario de Santa Mar\u00eda El Tule.<\/p>\n","protected":false},"excerpt":{"rendered":"<p>Redacci\u00f3n\/Estado 20. Oaxaca de Ju\u00e1rez, Oax., a 28 de diciembre de 2024.- Esther Soto, del&hellip;<\/p>\n","protected":false},"author":2,"featured_media":75924,"comment_status":"closed","ping_status":"open","sticky":false,"template":"","format":"standard","meta":{"_lmt_disableupdate":"","_lmt_disable":"","_jetpack_memberships_contains_paid_content":false,"footnotes":""},"categories":[109,47],"tags":[4149],"class_list":["post-75923","post","type-post","status-publish","format-standard","has-post-thumbnail","hentry","category-minuto-a-minuto","category-zona-gris","tag-colectivo-gabi-bici-blanca"],"jetpack_featured_media_url":"https:\/\/zonaroja.com.mx\/wp-content\/uploads\/2024\/12\/Rodada-Bici-Blanca-Gabi-Manuel-Alejandro.jpg","jetpack_sharing_enabled":true,"_links":{"self":[{"href":"https:\/\/zonaroja.com.mx\/index.php?rest_route=\/wp\/v2\/posts\/75923","targetHints":{"allow":["GET"]}}],"collection":[{"href":"https:\/\/zonaroja.com.mx\/index.php?rest_route=\/wp\/v2\/posts"}],"about":[{"href":"https:\/\/zonaroja.com.mx\/index.php?rest_route=\/wp\/v2\/types\/post"}],"author":[{"embeddable":true,"href":"https:\/\/zonaroja.com.mx\/index.php?rest_route=\/wp\/v2\/users\/2"}],"replies":[{"embeddable":true,"href":"https:\/\/zonaroja.com.mx\/index.php?rest_route=%2Fwp%2Fv2%2Fcomments&post=75923"}],"version-history":[{"count":1,"href":"https:\/\/zonaroja.com.mx\/index.php?rest_route=\/wp\/v2\/posts\/75923\/revisions"}],"predecessor-version":[{"id":75925,"href":"https:\/\/zonaroja.com.mx\/index.php?rest_route=\/wp\/v2\/posts\/75923\/revisions\/75925"}],"wp:featuredmedia":[{"embeddable":true,"href":"https:\/\/zonaroja.com.mx\/index.php?rest_route=\/wp\/v2\/media\/75924"}],"wp:attachment":[{"href":"https:\/\/zonaroja.com.mx\/index.php?rest_route=%2Fwp%2Fv2%2Fmedia&parent=75923"}],"wp:term":[{"taxonomy":"category","embeddable":true,"href":"https:\/\/zonaroja.com.mx\/index.php?rest_route=%2Fwp%2Fv2%2Fcategories&post=75923"},{"taxonomy":"post_tag","embeddable":true,"href":"https:\/\/zonaroja.com.mx\/index.php?rest_route=%2Fwp%2Fv2%2Ftags&post=75923"}],"curies":[{"name":"wp","href":"https:\/\/api.w.org\/{rel}","templated":true}]}}