{"id":75926,"date":"2024-12-28T19:19:11","date_gmt":"2024-12-29T01:19:11","guid":{"rendered":"https:\/\/zonaroja.com.mx\/?p=75926"},"modified":"2024-12-28T19:19:13","modified_gmt":"2024-12-29T01:19:13","slug":"que-dice-la-presidenta-sheinbaum-sobre-regalos-de-el-mencho-en-acolman","status":"publish","type":"post","link":"https:\/\/zonaroja.com.mx\/?p=75926","title":{"rendered":"\u00bfQu\u00e9 dice la Presidenta Sheinbaum sobre regalos de \u201cEl Mencho\u201d en Acolman?"},"content":{"rendered":"\n<p>Redacci\u00f3n\/Zona Roja Cdmx.<\/p>\n\n\n\n<p>Ciudad de M\u00e9xico, a 28 de diciembre de 2024.- La presidenta de M\u00e9xico, Claudia Sheinbaum, indic\u00f3 este s\u00e1bado 28 de diciembre que el tema de la alcaldesa de Coalcom\u00e1n, Michoac\u00e1n, que est\u00e1 ligada al C\u00e1rtel Jalisco Nueva Generaci\u00f3n, se abordar\u00e1 en su conferencia de prensa del lunes.<\/p>\n\n\n\n<p>Durante su gira por Nayarit, la mandataria se refiri\u00f3 de manera breve al tema de la alcaldesa Anavel \u00c1vila Castrej\u00f3n, quien agradeci\u00f3 p\u00fablicamente los regalos que aparentemente les mand\u00f3 \u2018El Mencho\u2019, l\u00edder del C\u00e1rtel Jalisco Nueva Generaci\u00f3n (CJNG), en una posada navide\u00f1a realizada en d\u00edas pasados en la plaza principal de la localidad.<\/p>\n\n\n\n<p>-\u201c\u00bfDeber\u00eda separarse del cargo?<\/p>\n\n\n\n<p>-Ya lo comentamos el lunes.<\/p>\n\n\n\n<p>QU\u00c9 PAS\u00d3<\/p>\n\n\n\n<p>El pasado 10 de diciembre, durante una posada en el municipio de Coalcom\u00e1n uno de los animadores agradeci\u00f3 al l\u00edder del CJNG, Nemesio Oseguera Cervantes, alias \u2018El Mencho\u2019, y a sus hijos, la entrega de regalos para los ni\u00f1os.<\/p>\n\n\n\n<p>Aunado al mensaje, unas mantas de agradecimiento se vieron colgadas en el evento. Ante ello, la administraci\u00f3n que encabeza el gobernador Alfredo Ram\u00edrez Bedolla se\u00f1al\u00f3 que cualquier apolog\u00eda hacia grupos delincuenciales es condenada.<\/p>\n\n\n\n<p>La Fiscal\u00eda General de la Rep\u00fablica de M\u00e9xico (FGR) investiga a la alcaldesa y autoridades municipales de Coalcom\u00e1n, tras viralizarse un video donde entregan regalos a la poblaci\u00f3n, presuntamente enviados por Nemesio Oseguera Cervantes, alias \u2018El Mencho\u2019.<\/p>\n\n\n\n<p>INDAGAN<\/p>\n\n\n\n<p>La FGR abri\u00f3 una carpeta de investigaci\u00f3n en contra de Anavel \u00c1vila Castrej\u00f3n, alcaldesa de Calcom\u00e1n, quien, junto con sus colaboradores y habitantes del municipio, agradecieron p\u00fablicamente los regalos que aparentemente les mand\u00f3 \u2018El Mencho\u2019, en una posada navide\u00f1a realizada en d\u00edas pasados en la plaza principal de la localidad.<\/p>\n\n\n\n<p>La indagatoria precisa que la alcaldesa permiti\u00f3 que una manta fuera colocada en la plaza, a unos metros de la presidencia municipal, con la leyenda: \u201cLos ni\u00f1os de Coalcom\u00e1n agradecen al se\u00f1or Nemesio Oseguera y a sus hijos 2 y 3, Delta 1, por su noble gesto. Gracias por sus regalos\u201d.<\/p>\n\n\n\n<p>La investigaci\u00f3n incluye adem\u00e1s a los s\u00edndicos (funcionarios del ayuntamiento) Ca\u00edn Salvador S\u00e1nchez Mendoza y Mauricio God\u00ednez Madrigal, as\u00ed como al director de la Polic\u00eda Municipal, Rafael Vargas Reyna, quien custodi\u00f3 el evento, en conjunto con agentes de la Guardia Civil.<\/p>\n\n\n\n<p>As\u00ed como a los regidores Jairo \u00c1vila Cervantes, Vicente Gonz\u00e1lez Barahona, Urania Velen Ramos Casares, Arely L\u00f3pez Figueroa, Uriel Orozco Arredondo, Francisco Javier Andrade Barajas, Sara\u00ed Mora Gu\u00edzar, Patricia Ch\u00e1vez Mendoza, Jos\u00e9 Rafael L\u00f3pez Ixtas, Jes\u00fas Blanco Barajas, Jessica S\u00e1nchez Abarca y Paola Nereyda Gu\u00edzar Zepeda.<\/p>\n\n\n\n<p>SE DESLINDA<\/p>\n\n\n\n<p>En un breve comunicado, \u00c1vila Castrej\u00f3n se deslind\u00f3 de los se\u00f1alamientos en su contra, y asegur\u00f3 que ha sido \u201cvigilante de que se act\u00fae bajo lo que marca la ley y bajo ninguna circunstancia participar\u00eda en alguna situaci\u00f3n de apolog\u00eda del delito\u201d.<\/p>\n\n\n\n<p>Apenas el 10 de diciembre pasado, un coronel de apellido M\u00e9ndez, del 65 Batall\u00f3n de Infanter\u00eda del Ej\u00e9rcito Mexicano, asentado en Coalcom\u00e1n, encabez\u00f3 con Anavel \u00c1vila un acto c\u00edvico y desfile conmemorativo por la fundaci\u00f3n del municipio, donde la alcaldesa represent\u00f3 con un grupo de ni\u00f1os una pelea de gallos, con una canci\u00f3n tipo narcocorrido que exaltaba la figura de \u2018El Mencho\u2019.<\/p>\n\n\n\n<p>Anavel \u00c1vila se convirti\u00f3 en alcaldesa de Coalcom\u00e1n al ganar las elecciones el pasado dos de junio, abanderada por el partido Movimiento Ciudadano (MC).<\/p>\n\n\n\n<p>Coalcom\u00e1n se ubica en la Sierra Madre del Sur, entre los l\u00edmites de Michoac\u00e1n y Jalisco, donde el CJNG mantiene una fuerte lucha contra el C\u00e1rtel de Tepalcatepec, que encabeza Juan Jos\u00e9 Far\u00edas \u00c1lvarez, alias \u2018El Abuelo\u2019, un ex socio de \u2018El Mencho\u2019 que en 2013 organiz\u00f3, financi\u00f3 y se infiltr\u00f3 en los civiles grupos de autodefensa.<\/p>\n\n\n\n<p>(Con informaci\u00f3n de EFE, en \u201cEl Financiero\u201d)<\/p>\n","protected":false},"excerpt":{"rendered":"<p>Redacci\u00f3n\/Zona Roja Cdmx. Ciudad de M\u00e9xico, a 28 de diciembre de 2024.- La presidenta de&hellip;<\/p>\n","protected":false},"author":2,"featured_media":75927,"comment_status":"closed","ping_status":"open","sticky":false,"template":"","format":"standard","meta":{"_lmt_disableupdate":"","_lmt_disable":"","_jetpack_memberships_contains_paid_content":false,"footnotes":""},"categories":[109,47],"tags":[4150],"class_list":["post-75926","post","type-post","status-publish","format-standard","has-post-thumbnail","hentry","category-minuto-a-minuto","category-zona-gris","tag-coacolman-michoacan"],"jetpack_featured_media_url":"https:\/\/zonaroja.com.mx\/wp-content\/uploads\/2024\/12\/Regalos-Mencho-Acolman-Michoacan.jpg","jetpack_sharing_enabled":true,"_links":{"self":[{"href":"https:\/\/zonaroja.com.mx\/index.php?rest_route=\/wp\/v2\/posts\/75926","targetHints":{"allow":["GET"]}}],"collection":[{"href":"https:\/\/zonaroja.com.mx\/index.php?rest_route=\/wp\/v2\/posts"}],"about":[{"href":"https:\/\/zonaroja.com.mx\/index.php?rest_route=\/wp\/v2\/types\/post"}],"author":[{"embeddable":true,"href":"https:\/\/zonaroja.com.mx\/index.php?rest_route=\/wp\/v2\/users\/2"}],"replies":[{"embeddable":true,"href":"https:\/\/zonaroja.com.mx\/index.php?rest_route=%2Fwp%2Fv2%2Fcomments&post=75926"}],"version-history":[{"count":1,"href":"https:\/\/zonaroja.com.mx\/index.php?rest_route=\/wp\/v2\/posts\/75926\/revisions"}],"predecessor-version":[{"id":75928,"href":"https:\/\/zonaroja.com.mx\/index.php?rest_route=\/wp\/v2\/posts\/75926\/revisions\/75928"}],"wp:featuredmedia":[{"embeddable":true,"href":"https:\/\/zonaroja.com.mx\/index.php?rest_route=\/wp\/v2\/media\/75927"}],"wp:attachment":[{"href":"https:\/\/zonaroja.com.mx\/index.php?rest_route=%2Fwp%2Fv2%2Fmedia&parent=75926"}],"wp:term":[{"taxonomy":"category","embeddable":true,"href":"https:\/\/zonaroja.com.mx\/index.php?rest_route=%2Fwp%2Fv2%2Fcategories&post=75926"},{"taxonomy":"post_tag","embeddable":true,"href":"https:\/\/zonaroja.com.mx\/index.php?rest_route=%2Fwp%2Fv2%2Ftags&post=75926"}],"curies":[{"name":"wp","href":"https:\/\/api.w.org\/{rel}","templated":true}]}}