{"id":75929,"date":"2024-12-29T07:30:00","date_gmt":"2024-12-29T13:30:00","guid":{"rendered":"https:\/\/zonaroja.com.mx\/?p=75929"},"modified":"2024-12-29T07:11:04","modified_gmt":"2024-12-29T13:11:04","slug":"ultiman-a-machetazos-a-un-individuo-en-cuilapam-oaxaca","status":"publish","type":"post","link":"https:\/\/zonaroja.com.mx\/?p=75929","title":{"rendered":"Ultiman a machetazos a un individuo en Cuil\u00e1pam, Oaxaca"},"content":{"rendered":"\n<p>Raymundo Morales\/Zona Roja.<\/p>\n\n\n\n<p>Oaxaca de Ju\u00e1rez, Oax., a 29 de diciembre de 2024.- En plena v\u00eda p\u00fablica, un grupo de presuntos \u201ccholos\u201d asesin\u00f3 a machetazos a una persona en los l\u00edmites de Santa Cruz Xoxocotl\u00e1n con Cuil\u00e1pam de Guerrero.<\/p>\n\n\n\n<p>Los hechos ocurrieron alrededor de las 21:00 horas y, de acuerdo con videos difundidos en las redes sociales, ocurri\u00f3 sobre la carretera que comunica a ambos municipios de la regi\u00f3n Valles Centrales de Oaxaca, a la altura de una gasolinera.<\/p>\n\n\n\n<p>A\u00fan se desconocen las causas por las cuales fue asesinado el joven, al parecer mototaxista de la zona, por varias personas que le asestaron golpes con machete e incluso uno de ellos le roba los tenis.<\/p>\n\n\n\n<p>Personal policiaco arrib\u00f3 a la zona pero, a pesar de los operativos de b\u00fasqueda, no hall\u00f3 a los presuntos responsables del crimen.<\/p>\n\n\n\n<p>Por otra parte, casi a la misma hora en dicha zona se registraron varias detonaciones de arma de fuego, sin que se reporten v\u00edctimas hasta el momento.<\/p>\n\n\n\n<p>En ese contexto, en la colonia Sat\u00e9lite de Xoxocotl\u00e1n se report\u00f3 una persona lesionada por bala, en la tercera privada de dicho asentamiento, agresi\u00f3n presuntamente perpetrada por dos sujetos a bordo de una motocicleta.<\/p>\n","protected":false},"excerpt":{"rendered":"<p>Raymundo Morales\/Zona Roja. Oaxaca de Ju\u00e1rez, Oax., a 29 de diciembre de 2024.- En plena&hellip;<\/p>\n","protected":false},"author":2,"featured_media":75935,"comment_status":"closed","ping_status":"open","sticky":false,"template":"","format":"standard","meta":{"_lmt_disableupdate":"","_lmt_disable":"","_jetpack_memberships_contains_paid_content":false,"footnotes":""},"categories":[109,51],"tags":[1719],"class_list":["post-75929","post","type-post","status-publish","format-standard","has-post-thumbnail","hentry","category-minuto-a-minuto","category-zona-roja","tag-cuilapam-de-guerrero"],"jetpack_featured_media_url":"https:\/\/zonaroja.com.mx\/wp-content\/uploads\/2024\/12\/Asesinan-a-individuo-en-Cuilapam.jpg","jetpack_sharing_enabled":true,"_links":{"self":[{"href":"https:\/\/zonaroja.com.mx\/index.php?rest_route=\/wp\/v2\/posts\/75929","targetHints":{"allow":["GET"]}}],"collection":[{"href":"https:\/\/zonaroja.com.mx\/index.php?rest_route=\/wp\/v2\/posts"}],"about":[{"href":"https:\/\/zonaroja.com.mx\/index.php?rest_route=\/wp\/v2\/types\/post"}],"author":[{"embeddable":true,"href":"https:\/\/zonaroja.com.mx\/index.php?rest_route=\/wp\/v2\/users\/2"}],"replies":[{"embeddable":true,"href":"https:\/\/zonaroja.com.mx\/index.php?rest_route=%2Fwp%2Fv2%2Fcomments&post=75929"}],"version-history":[{"count":1,"href":"https:\/\/zonaroja.com.mx\/index.php?rest_route=\/wp\/v2\/posts\/75929\/revisions"}],"predecessor-version":[{"id":75936,"href":"https:\/\/zonaroja.com.mx\/index.php?rest_route=\/wp\/v2\/posts\/75929\/revisions\/75936"}],"wp:featuredmedia":[{"embeddable":true,"href":"https:\/\/zonaroja.com.mx\/index.php?rest_route=\/wp\/v2\/media\/75935"}],"wp:attachment":[{"href":"https:\/\/zonaroja.com.mx\/index.php?rest_route=%2Fwp%2Fv2%2Fmedia&parent=75929"}],"wp:term":[{"taxonomy":"category","embeddable":true,"href":"https:\/\/zonaroja.com.mx\/index.php?rest_route=%2Fwp%2Fv2%2Fcategories&post=75929"},{"taxonomy":"post_tag","embeddable":true,"href":"https:\/\/zonaroja.com.mx\/index.php?rest_route=%2Fwp%2Fv2%2Ftags&post=75929"}],"curies":[{"name":"wp","href":"https:\/\/api.w.org\/{rel}","templated":true}]}}