{"id":75937,"date":"2024-12-29T08:40:00","date_gmt":"2024-12-29T14:40:00","guid":{"rendered":"https:\/\/zonaroja.com.mx\/?p=75937"},"modified":"2024-12-29T07:12:24","modified_gmt":"2024-12-29T13:12:24","slug":"a-179-victimas-asciende-saldo-de-avionazo-en-corea-del-sur","status":"publish","type":"post","link":"https:\/\/zonaroja.com.mx\/?p=75937","title":{"rendered":"A 179 v\u00edctimas asciende saldo de \u201cavionazo\u201d en Corea del Sur"},"content":{"rendered":"\n<p>Redacci\u00f3n\/Zona Roja Cdmx.<\/p>\n\n\n\n<p>Ciudad de M\u00e9xico, a 29 de diciembre de 2024.- Un avi\u00f3n de pasajeros estall\u00f3 en llamas el domingo tras salirse de la pista de aterrizaje de un aeropuerto surcoreano y chocar contra una valla de hormig\u00f3n cuando su tren de aterrizaje delantero aparentemente no se despleg\u00f3, matando a 179 de las 181 personas que iban a bordo, en uno de los peores desastres a\u00e9reos del pa\u00eds. Las otras dos personas lograron sobrevivir.<\/p>\n\n\n\n<p>Tras lo sucedido, los equipos de rescate se apresuraron a sacar a la gente del avi\u00f3n de pasajeros de Jeju Air en el aeropuerto de la ciudad de Muan, a unos 290 kil\u00f3metros al sur de Se\u00fal. El Ministerio de Transportes dijo que el avi\u00f3n era un Boeing 737-800 de 15 a\u00f1os de antig\u00fcedad que regresaba de Bangkok y que el accidente se produjo a las 9:03 de la ma\u00f1ana.<\/p>\n\n\n\n<p>La agencia de bomberos despleg\u00f3 32 camiones de bomberos y varios helic\u00f3pteros para contener el fuego. Tambi\u00e9n se enviaron al lugar unos 1.560 bomberos, polic\u00edas, soldados y otros funcionarios.<\/p>\n\n\n\n<p>Las im\u00e1genes del accidente emitidas por los canales de televisi\u00f3n surcoreanos mostraban al avi\u00f3n de Jeju Air derrapando a gran velocidad por la pista de aterrizaje, aparentemente con el tren de aterrizaje a\u00fan cerrado, sobrepasando la pista y chocando frontalmente contra un muro de hormig\u00f3n en las afueras de las instalaciones, lo que desencaden\u00f3 una explosi\u00f3n. Otras televisiones locales emitieron im\u00e1genes que mostraban espesas columnas de humo negro que sal\u00edan del avi\u00f3n, envuelto en llamas.<\/p>\n\n\n\n<p>Lee Jeong-hyeon, jefe del parque de bomberos de Muan, declar\u00f3 en una rueda de prensa televisada que el avi\u00f3n hab\u00eda quedado completamente destruido y que s\u00f3lo se reconoc\u00eda la cola entre los restos. Lee dijo que los trabajadores estaban estudiando varias posibilidades sobre la causa del accidente, entre ellas si el avi\u00f3n fue alcanzado por p\u00e1jaros.<\/p>\n\n\n\n<p>Funcionarios del Ministerio de Transportes dijeron m\u00e1s tarde que su primera evaluaci\u00f3n de los registros de comunicaciones muestra que la torre de control del aeropuerto emiti\u00f3 una advertencia de impacto con aves al avi\u00f3n poco antes de que pretendiera aterrizar y dio permiso a su piloto para aterrizar en una zona diferente. El piloto envi\u00f3 una se\u00f1al de socorro poco antes de que el avi\u00f3n se saliera de la pista y derrapara por una zona de seguridad antes de chocar contra el muro, seg\u00fan los funcionarios.<\/p>\n\n\n\n<p>Joo Jong-wan, alto funcionario del Ministerio de Transportes, dijo que los trabajadores han recuperado los datos de vuelo y las grabadoras de voz de la cabina de la caja negra del avi\u00f3n, que ser\u00e1n examinados por los expertos gubernamentales que investigan la causa del accidente y el incendio. Joo dijo que la pista del aeropuerto de Muan permanecer\u00e1 cerrada hasta el 1 de enero.<\/p>\n\n\n\n<p>Funcionarios de emergencias de Muan dijeron que el tren de aterrizaje del avi\u00f3n parec\u00eda haber funcionado mal.<\/p>\n\n\n\n<p>Seg\u00fan el Ministerio de Transportes, entre los pasajeros del avi\u00f3n hay dos ciudadanos tailandeses.<\/p>\n\n\n\n<p>La primera ministra tailandesa, Paetongtarn Shinawatra, expres\u00f3 sus profundas condolencias a las familias de los afectados por el accidente en un post en la plataforma social X. Paetongtarn dijo que hab\u00eda ordenado al Ministerio de Asuntos Exteriores que prestara asistencia de inmediato.<\/p>\n\n\n\n<p>Kerati Kijmanawat, director de Aeropuertos de Tailandia, confirm\u00f3 en un comunicado que el vuelo 7C 2216 de Jeju Air parti\u00f3 del aeropuerto de Suvarnabhumi sin que se informara de condiciones anormales con la aeronave o en la pista.<\/p>\n\n\n\n<p>Jeju Air expres\u00f3 en un comunicado sus \u201cprofundas disculpas\u201d por el accidente y dijo que har\u00e1 \u201ctodo lo posible para gestionar las secuelas del accidente\u201d.<\/p>\n\n\n\n<p>En una rueda de prensa televisada, Kim E-bae, presidente de Jeju Air, se inclin\u00f3 profundamente junto a otros altos cargos de la compa\u00f1\u00eda mientras ped\u00eda disculpas a las familias afectadas y dec\u00eda que se sent\u00eda \u201cplenamente responsable\u201d del incidente. Kim dijo que la compa\u00f1\u00eda no hab\u00eda detectado ning\u00fan problema mec\u00e1nico en el avi\u00f3n tras las revisiones peri\u00f3dicas y que esperar\u00eda a los resultados de las investigaciones gubernamentales sobre la causa del incidente.<\/p>\n\n\n\n<p>(Con informaci\u00f3n de AP y AFP en Infobae M\u00e9xico)<\/p>\n","protected":false},"excerpt":{"rendered":"<p>Redacci\u00f3n\/Zona Roja Cdmx. Ciudad de M\u00e9xico, a 29 de diciembre de 2024.- Un avi\u00f3n de&hellip;<\/p>\n","protected":false},"author":2,"featured_media":75934,"comment_status":"closed","ping_status":"open","sticky":false,"template":"","format":"standard","meta":{"_lmt_disableupdate":"","_lmt_disable":"","_jetpack_memberships_contains_paid_content":false,"footnotes":""},"categories":[109,47],"tags":[4151],"class_list":["post-75937","post","type-post","status-publish","format-standard","has-post-thumbnail","hentry","category-minuto-a-minuto","category-zona-gris","tag-avionazo-corea-del-sur"],"jetpack_featured_media_url":"https:\/\/zonaroja.com.mx\/wp-content\/uploads\/2024\/12\/Avionzado-Corea-del-Sur.jpg.avif","jetpack_sharing_enabled":true,"_links":{"self":[{"href":"https:\/\/zonaroja.com.mx\/index.php?rest_route=\/wp\/v2\/posts\/75937","targetHints":{"allow":["GET"]}}],"collection":[{"href":"https:\/\/zonaroja.com.mx\/index.php?rest_route=\/wp\/v2\/posts"}],"about":[{"href":"https:\/\/zonaroja.com.mx\/index.php?rest_route=\/wp\/v2\/types\/post"}],"author":[{"embeddable":true,"href":"https:\/\/zonaroja.com.mx\/index.php?rest_route=\/wp\/v2\/users\/2"}],"replies":[{"embeddable":true,"href":"https:\/\/zonaroja.com.mx\/index.php?rest_route=%2Fwp%2Fv2%2Fcomments&post=75937"}],"version-history":[{"count":1,"href":"https:\/\/zonaroja.com.mx\/index.php?rest_route=\/wp\/v2\/posts\/75937\/revisions"}],"predecessor-version":[{"id":75938,"href":"https:\/\/zonaroja.com.mx\/index.php?rest_route=\/wp\/v2\/posts\/75937\/revisions\/75938"}],"wp:featuredmedia":[{"embeddable":true,"href":"https:\/\/zonaroja.com.mx\/index.php?rest_route=\/wp\/v2\/media\/75934"}],"wp:attachment":[{"href":"https:\/\/zonaroja.com.mx\/index.php?rest_route=%2Fwp%2Fv2%2Fmedia&parent=75937"}],"wp:term":[{"taxonomy":"category","embeddable":true,"href":"https:\/\/zonaroja.com.mx\/index.php?rest_route=%2Fwp%2Fv2%2Fcategories&post=75937"},{"taxonomy":"post_tag","embeddable":true,"href":"https:\/\/zonaroja.com.mx\/index.php?rest_route=%2Fwp%2Fv2%2Ftags&post=75937"}],"curies":[{"name":"wp","href":"https:\/\/api.w.org\/{rel}","templated":true}]}}