{"id":75939,"date":"2024-12-29T09:21:00","date_gmt":"2024-12-29T15:21:00","guid":{"rendered":"https:\/\/zonaroja.com.mx\/?p=75939"},"modified":"2024-12-29T10:07:52","modified_gmt":"2024-12-29T16:07:52","slug":"siguen-las-tragedias-en-vacaciones-dos-ahogados-y-un-atropellado","status":"publish","type":"post","link":"https:\/\/zonaroja.com.mx\/?p=75939","title":{"rendered":"Siguen las tragedias en vacaciones: dos ahogados y dos atropellados"},"content":{"rendered":"\n<p>Raymundo Morales\/Zona Roja.<\/p>\n\n\n\n<p>Oaxaca de Ju\u00e1rez, Oax., a 29 de diciembre de 2024.- Al menos cuatro personas perdieron la vida en las \u00faltimas 24 horas en Oaxaca, v\u00edctimas de accidentes fatales.<\/p>\n\n\n\n<p>Esta madrugada a la altura del puente \u201cBandera\u201d de Juchit\u00e1n de Zaragoza se suscit\u00f3 un percance en que perdi\u00f3 la vida un motociclista.<\/p>\n\n\n\n<p>Presuntamente fue arrollado por un veh\u00edculo de motor, cuyo conductor fue detenido y al parecer manejaba en estado de ebriedad; la v\u00edctima fue identificada de manera preliminar como Luis Fernando C.<\/p>\n\n\n\n<p>En tanto que anoche, dos personas del sexo masculino murieron ahogados en la presa del r\u00edo \u201cVerde\u201d, jurisdicci\u00f3n del municipio de Santiago Jamiltepec, regi\u00f3n Costa del estado.<\/p>\n\n\n\n<p>De acuerdo con informaci\u00f3n de CMMI Noticias, los occisos viajaban en una camioneta que fue arrastrada por las corrientes de la presa y tras los gritos de auxilio, intentaron rescatarlos pero fue imposible.<\/p>\n\n\n\n<p>De manera preliminar se dio a conocer que las v\u00edctimas fueron identificadas como Antonio G.P., de 38 a\u00f1os de edad aproximadamente, y Emeterio O., de 45 a\u00f1os, ambos originarios de San Jos\u00e9 del Progreso Tututepec.<\/p>\n\n\n\n<p>Por otra parte, en Putla Villa de Guerrero un motociclista muri\u00f3 ayer tras impactarse su unidad con otro veh\u00edculo de motor, en la carretera federal 125, a la altura del kil\u00f3metro 142. <\/p>\n\n\n\n<p>La v\u00edctima fue identificada como Jaime S. L., de 28 a\u00f1os de edad, originario del estado de Puebla. <\/p>\n","protected":false},"excerpt":{"rendered":"<p>Raymundo Morales\/Zona Roja. Oaxaca de Ju\u00e1rez, Oax., a 29 de diciembre de 2024.- Al menos&hellip;<\/p>\n","protected":false},"author":2,"featured_media":75940,"comment_status":"closed","ping_status":"open","sticky":false,"template":"","format":"standard","meta":{"_lmt_disableupdate":"","_lmt_disable":"","_jetpack_memberships_contains_paid_content":false,"footnotes":""},"categories":[109,47],"tags":[797],"class_list":["post-75939","post","type-post","status-publish","format-standard","has-post-thumbnail","hentry","category-minuto-a-minuto","category-zona-gris","tag-santiago-jamiltepec"],"jetpack_featured_media_url":"https:\/\/zonaroja.com.mx\/wp-content\/uploads\/2024\/12\/Presa-rio-Verde-Jamiltepec.jpg","jetpack_sharing_enabled":true,"_links":{"self":[{"href":"https:\/\/zonaroja.com.mx\/index.php?rest_route=\/wp\/v2\/posts\/75939","targetHints":{"allow":["GET"]}}],"collection":[{"href":"https:\/\/zonaroja.com.mx\/index.php?rest_route=\/wp\/v2\/posts"}],"about":[{"href":"https:\/\/zonaroja.com.mx\/index.php?rest_route=\/wp\/v2\/types\/post"}],"author":[{"embeddable":true,"href":"https:\/\/zonaroja.com.mx\/index.php?rest_route=\/wp\/v2\/users\/2"}],"replies":[{"embeddable":true,"href":"https:\/\/zonaroja.com.mx\/index.php?rest_route=%2Fwp%2Fv2%2Fcomments&post=75939"}],"version-history":[{"count":2,"href":"https:\/\/zonaroja.com.mx\/index.php?rest_route=\/wp\/v2\/posts\/75939\/revisions"}],"predecessor-version":[{"id":75951,"href":"https:\/\/zonaroja.com.mx\/index.php?rest_route=\/wp\/v2\/posts\/75939\/revisions\/75951"}],"wp:featuredmedia":[{"embeddable":true,"href":"https:\/\/zonaroja.com.mx\/index.php?rest_route=\/wp\/v2\/media\/75940"}],"wp:attachment":[{"href":"https:\/\/zonaroja.com.mx\/index.php?rest_route=%2Fwp%2Fv2%2Fmedia&parent=75939"}],"wp:term":[{"taxonomy":"category","embeddable":true,"href":"https:\/\/zonaroja.com.mx\/index.php?rest_route=%2Fwp%2Fv2%2Fcategories&post=75939"},{"taxonomy":"post_tag","embeddable":true,"href":"https:\/\/zonaroja.com.mx\/index.php?rest_route=%2Fwp%2Fv2%2Ftags&post=75939"}],"curies":[{"name":"wp","href":"https:\/\/api.w.org\/{rel}","templated":true}]}}