{"id":75948,"date":"2024-12-29T13:35:00","date_gmt":"2024-12-29T19:35:00","guid":{"rendered":"https:\/\/zonaroja.com.mx\/?p=75948"},"modified":"2024-12-29T07:36:45","modified_gmt":"2024-12-29T13:36:45","slug":"detienen-a-presunto-sicario-de-los-chapitos-llegan-refuerzos-a-sinaloa","status":"publish","type":"post","link":"https:\/\/zonaroja.com.mx\/?p=75948","title":{"rendered":"Detienen a presunto sicario de \u201cLos Chapitos\u201d; llegan refuerzos a Sinaloa"},"content":{"rendered":"\n<p>Redacci\u00f3n\/Zona Roja Cdmx.<\/p>\n\n\n\n<p>Ciudad de M\u00e9xico, a 29 de diciembre de 2024.- Otro jefe de sicarios de \u201cLos Chapitos\u201d, generador de violencia en el sur de Sinaloa, fue detenido junto con otras cuatro personas en un operativo conjunto de las fuerzas federales que realizaron en el municipio de Escuinapa, casi en el l\u00edmite con Nayarit.<\/p>\n\n\n\n<p>Se trata de Juan Manuel Bernal Hern\u00e1ndez, alias \u201cEl Dr\u00e1cula\u201d, jefe de una c\u00e9lula delictiva al servicio del C\u00e1rtel del Pac\u00edfico, af\u00edn a \u201cLos Chapitos\u201d, seg\u00fan inform\u00f3 en un comunicado el gabinete de seguridad federal.<\/p>\n\n\n\n<p>Los agentes que realizaban el operativo fueron agredidos a balazos por el grupo delincuencial, y un elemento result\u00f3 herido, sin consecuencias graves, por lo que fue atendido inmediatamente en un hospital cercano y qued\u00f3 fuera de peligro.<\/p>\n\n\n\n<p>Las acciones se realizaron luego de que un juez liber\u00f3 la orden de cateo. Los agentes llegaron a un sector donde ubicaron a la c\u00e9lula criminal en donde fueron recibidos a balazos. Se repeli\u00f3 la agresi\u00f3n y se detuvo a cinco personas.<\/p>\n\n\n\n<p>Tras controlar la situaci\u00f3n, se identific\u00f3 a Juan Manuel \u201cN\u201d, conocido como \u201cEl Dr\u00e1cula\u201d, jefe de la c\u00e9lula delictiva, quien se encontraba subordinado a Juan Francisco Villegas V\u00e9lez alias \u201cEl G\u00fcero Pink\u201d, jefe de plaza de Escuinapa, quienes se encaraban de las ventas de droga, compra venta de armamento, as\u00ed como control de precios y distribuci\u00f3n de pesca de camar\u00f3n en dicho municipio.<\/p>\n\n\n\n<p>Adem\u00e1s, se tiene conocimiento de que Juan Manuel Bernal administraba y dirig\u00eda centros de rehabilitaci\u00f3n de adiciones en los que ocultaba a integrantes de la c\u00e9lula de sicarios de \u201cLos Chapitos\u201d.<\/p>\n\n\n\n<p>Junto con \u201cEl Dr\u00e1cula\u201d fueron detenidos otros cuatro civiles, a quienes les aseguraron cinco armas largas, un arma corta, un veh\u00edculo y el inmueble qued\u00e9 bajo resguardo policial.<\/p>\n\n\n\n<p>El agente que result\u00f3 herido fue atendido en un hospital cercano y en cuanto se restableci\u00f3 fue dado de alta.<\/p>\n\n\n\n<p>LLEGAN REFUERZOS<\/p>\n\n\n\n<p>En momentos que se recrudece la violencia en comunidades rurales de Culiac\u00e1n, con balaceras y ejecuciones de un agente de ventas de autom\u00f3viles y el propietario de un sushi, llegaron a la ciudad, 200 efectivos de las Fuerzas Especiales del Ej\u00e9rcito para reforzar la seguridad en la entidad.<\/p>\n\n\n\n<p>A las 3:00 de la tarde aterriz\u00f3 un avi\u00f3n de la Fuerza A\u00e9rea Mexicana con los 200 elementos que fueron trasladados inmediatamente al cuartel militar de El Sauz para ser distribuidos estrat\u00e9gicamente en zonas conflictivas.<\/p>\n\n\n\n<p>El Ej\u00e9rcito inform\u00f3 que los elementos de las fuerzas especiales que arribaron esta tarde a Culiac\u00e1n, llegan para contribuir a la inhibici\u00f3n de actividades il\u00edcitas de los grupos delictivos, as\u00ed como para preservar y garantizas la libertad, el orden y la paz p\u00fablica de los habitantes de la regi\u00f3n\u201d.<\/p>\n\n\n\n<p>(Informaci\u00f3n de \u201cEl Financiero\u201d)<\/p>\n","protected":false},"excerpt":{"rendered":"<p>Redacci\u00f3n\/Zona Roja Cdmx. Ciudad de M\u00e9xico, a 29 de diciembre de 2024.- Otro jefe de&hellip;<\/p>\n","protected":false},"author":2,"featured_media":75949,"comment_status":"closed","ping_status":"open","sticky":false,"template":"","format":"standard","meta":{"_lmt_disableupdate":"","_lmt_disable":"","_jetpack_memberships_contains_paid_content":false,"footnotes":""},"categories":[109,47],"tags":[4146],"class_list":["post-75948","post","type-post","status-publish","format-standard","has-post-thumbnail","hentry","category-minuto-a-minuto","category-zona-gris","tag-violencia-en-sinaloa"],"jetpack_featured_media_url":"https:\/\/zonaroja.com.mx\/wp-content\/uploads\/2024\/12\/Detenido-en-Sinaloa-sicario-chapitos.jpeg.avif","jetpack_sharing_enabled":true,"_links":{"self":[{"href":"https:\/\/zonaroja.com.mx\/index.php?rest_route=\/wp\/v2\/posts\/75948","targetHints":{"allow":["GET"]}}],"collection":[{"href":"https:\/\/zonaroja.com.mx\/index.php?rest_route=\/wp\/v2\/posts"}],"about":[{"href":"https:\/\/zonaroja.com.mx\/index.php?rest_route=\/wp\/v2\/types\/post"}],"author":[{"embeddable":true,"href":"https:\/\/zonaroja.com.mx\/index.php?rest_route=\/wp\/v2\/users\/2"}],"replies":[{"embeddable":true,"href":"https:\/\/zonaroja.com.mx\/index.php?rest_route=%2Fwp%2Fv2%2Fcomments&post=75948"}],"version-history":[{"count":1,"href":"https:\/\/zonaroja.com.mx\/index.php?rest_route=\/wp\/v2\/posts\/75948\/revisions"}],"predecessor-version":[{"id":75950,"href":"https:\/\/zonaroja.com.mx\/index.php?rest_route=\/wp\/v2\/posts\/75948\/revisions\/75950"}],"wp:featuredmedia":[{"embeddable":true,"href":"https:\/\/zonaroja.com.mx\/index.php?rest_route=\/wp\/v2\/media\/75949"}],"wp:attachment":[{"href":"https:\/\/zonaroja.com.mx\/index.php?rest_route=%2Fwp%2Fv2%2Fmedia&parent=75948"}],"wp:term":[{"taxonomy":"category","embeddable":true,"href":"https:\/\/zonaroja.com.mx\/index.php?rest_route=%2Fwp%2Fv2%2Fcategories&post=75948"},{"taxonomy":"post_tag","embeddable":true,"href":"https:\/\/zonaroja.com.mx\/index.php?rest_route=%2Fwp%2Fv2%2Ftags&post=75948"}],"curies":[{"name":"wp","href":"https:\/\/api.w.org\/{rel}","templated":true}]}}