{"id":7595,"date":"2020-01-12T15:26:54","date_gmt":"2020-01-12T21:26:54","guid":{"rendered":"http:\/\/www.zonaroja.com.mx\/?p=7595"},"modified":"2020-01-12T15:26:58","modified_gmt":"2020-01-12T21:26:58","slug":"en-la-incertidumbre-525-trabajadores-del-sector-salud-por-insabi","status":"publish","type":"post","link":"https:\/\/zonaroja.com.mx\/?p=7595","title":{"rendered":"En la incertidumbre, 525 trabajadores del sector Salud, por Insabi"},"content":{"rendered":"\n<p>Ismael\nGarc\u00eda M.\/Zona Roja.<\/p>\n\n\n\n<p>Oaxaca de\nJu\u00e1rez, Oax., 12 de enero de 2020.- Debido a que 525 trabajadores del extinto\nSeguro Popular se encuentran en la incertidumbre laboral, un grupo de\ntrabajadores sindicalizados inici\u00f3 hoy un paro de labores con bloqueo a al\nmenos tres oficinas de los Servicios de Salud de Oaxaca (SSO).<\/p>\n\n\n\n<p>Desde las\nnueve de la ma\u00f1ana, agremiados al Sindicato Independiente de Trabajadores del\nSector Salud se apoderaron de las sedes centrales de la dependencia, ubicadas\nen la avenida Independencia y en la primera calle de J. P. Garc\u00eda, Centro\nHist\u00f3rico de la capital, a fin de realizar un paro indefinido de labores.<\/p>\n\n\n\n<p>De acuerdo\ncon la secretaria General del gremio, Mar\u00eda del Carmen Noriega Ag\u00fcero, al\ndesaparecer el R\u00e9gimen Estatal de Protecci\u00f3n Social en Salud (REPSS), conocido\ncomo Seguro Popular, los 525 empleados quedaron en la indefinici\u00f3n, tras el\ninicio de operaciones del Instituto de Salud para el Bienestar (Insabi).<\/p>\n\n\n\n<p>Quien fuera titular\ndel REPSS en la entidad les informo que desde el d\u00eda 31 dej\u00f3 el cargo, por lo\nque toda relaci\u00f3n ser\u00eda con los SSO. El 2 de enero sostuvieron una reuni\u00f3n de\ntrabajo con directivos de esta \u00faltima dependencia, quien les garantiz\u00f3 que no\nhabr\u00eda problemas con la continuaci\u00f3n de los empleados.<\/p>\n\n\n\n<p>Sin embargo,\nrecientemente fueron informados que ya no ser\u00e1n contratados y tampoco podr\u00e1n\ncobrar la primera quincena de enero, por lo cual iniciaron su protesta.<\/p>\n\n\n\n<p>Inform\u00f3 que\nuna comisi\u00f3n de empleados se traslad\u00f3 a la Ciudad de M\u00e9xico, para conocer su\nsituaci\u00f3n y la del Insabi, pues hasta el momento no cuenta ni con oficinas ni\ncon mandos ni con leyes normativas.<\/p>\n\n\n\n<p>En tanto,\ndemand\u00f3 al titular de los Servicios de Salud, Donato Casas Escamilla, realice\nlas gestiones pertinentes para no quedar en el desamparo.<\/p>\n\n\n\n<p>Noriega Ag\u00fcero\nindic\u00f3 que el sindicato que dirige agremia a 316 trabajadores del desaparecido\nSeguro Popular y la protesta ser\u00e1 por tiempo indefinido.<\/p>\n","protected":false},"excerpt":{"rendered":"<p>Ismael Garc\u00eda M.\/Zona Roja. Oaxaca de Ju\u00e1rez, Oax., 12 de enero de 2020.- Debido a&hellip;<\/p>\n","protected":false},"author":2,"featured_media":7596,"comment_status":"closed","ping_status":"open","sticky":false,"template":"","format":"standard","meta":{"_lmt_disableupdate":"","_lmt_disable":"","_jetpack_memberships_contains_paid_content":false,"footnotes":""},"categories":[109,47],"tags":[911,1005],"class_list":["post-7595","post","type-post","status-publish","format-standard","has-post-thumbnail","hentry","category-minuto-a-minuto","category-zona-gris","tag-instituto-de-salud-para-el-bienestar","tag-servicios-de-salud-de-oaxaca-sso"],"jetpack_featured_media_url":"https:\/\/zonaroja.com.mx\/wp-content\/uploads\/2020\/01\/Protesta-Salud.jpg","jetpack_sharing_enabled":true,"_links":{"self":[{"href":"https:\/\/zonaroja.com.mx\/index.php?rest_route=\/wp\/v2\/posts\/7595","targetHints":{"allow":["GET"]}}],"collection":[{"href":"https:\/\/zonaroja.com.mx\/index.php?rest_route=\/wp\/v2\/posts"}],"about":[{"href":"https:\/\/zonaroja.com.mx\/index.php?rest_route=\/wp\/v2\/types\/post"}],"author":[{"embeddable":true,"href":"https:\/\/zonaroja.com.mx\/index.php?rest_route=\/wp\/v2\/users\/2"}],"replies":[{"embeddable":true,"href":"https:\/\/zonaroja.com.mx\/index.php?rest_route=%2Fwp%2Fv2%2Fcomments&post=7595"}],"version-history":[{"count":1,"href":"https:\/\/zonaroja.com.mx\/index.php?rest_route=\/wp\/v2\/posts\/7595\/revisions"}],"predecessor-version":[{"id":7597,"href":"https:\/\/zonaroja.com.mx\/index.php?rest_route=\/wp\/v2\/posts\/7595\/revisions\/7597"}],"wp:featuredmedia":[{"embeddable":true,"href":"https:\/\/zonaroja.com.mx\/index.php?rest_route=\/wp\/v2\/media\/7596"}],"wp:attachment":[{"href":"https:\/\/zonaroja.com.mx\/index.php?rest_route=%2Fwp%2Fv2%2Fmedia&parent=7595"}],"wp:term":[{"taxonomy":"category","embeddable":true,"href":"https:\/\/zonaroja.com.mx\/index.php?rest_route=%2Fwp%2Fv2%2Fcategories&post=7595"},{"taxonomy":"post_tag","embeddable":true,"href":"https:\/\/zonaroja.com.mx\/index.php?rest_route=%2Fwp%2Fv2%2Ftags&post=7595"}],"curies":[{"name":"wp","href":"https:\/\/api.w.org\/{rel}","templated":true}]}}