{"id":75952,"date":"2024-12-29T13:26:52","date_gmt":"2024-12-29T19:26:52","guid":{"rendered":"https:\/\/zonaroja.com.mx\/?p=75952"},"modified":"2024-12-29T13:26:52","modified_gmt":"2024-12-29T19:26:52","slug":"identifica-fiscalia-a-agresores-de-asesinado-a-machetazos-y-ya-los-busca","status":"publish","type":"post","link":"https:\/\/zonaroja.com.mx\/?p=75952","title":{"rendered":"Identifica Fiscal\u00eda a agresores de asesinado a machetazos y ya los busca"},"content":{"rendered":"\n<p>Redacci\u00f3n\/Zona Roja.&nbsp;<\/p>\n\n\n\n<p class=\"MsoNormal\">Oaxaca de Ju\u00e1rez, Oax. 29 de diciembre de 2024.- La Fiscal\u00eda General del Estado de Oaxaca (FGEO) fortalece las investigaciones y establece la identidad de los responsables por el caso de homicidio cometido durante la noche del s\u00e1bado, 28 de diciembre de 2024, en inmediaciones del municipio de Cuil\u00e1pam de Guerrero.<\/p>\n\n\n\n<p class=\"MsoNormal\">Los trabajos ministeriales que lleva a cabo la FGEO, a trav\u00e9s de la Fiscal\u00eda Especializada para la Atenci\u00f3n a Delitos de Alto Impacto, hizo posible conocer la identidad de los agresores de una persona del sexo masculino que perdi\u00f3 la vida a consecuencia de las lesiones que sufri\u00f3.<\/p>\n\n\n\n<p class=\"MsoNormal\">Adem\u00e1s, como resultado de los diferentes actos de investigaci\u00f3n multidisciplinaria, la Fiscal\u00eda de Oaxaca tiene conocimiento de las rutas de escape y el probable paradero de los agresores, por lo que se intensifican las labores de b\u00fasqueda y localizaci\u00f3n para su aprehensi\u00f3n.<\/p>\n\n\n\n<p class=\"MsoNormal\">Estos hechos ocurrieron durante la noche del pasado 28 de diciembre, sobre el bulevar Escuela M\u00e9dico Militar, frente a una gasolinera del municipio de Cuil\u00e1pam de Guerrero, donde varias personas agredieron a la v\u00edctima, que perdi\u00f3 la vida a consecuencia de las lesiones infligidas, hechos que quedaron registrados en diferentes videos que se publicaron en diversas plataformas digitales.<\/p>\n\n\n\n<p class=\"MsoNormal\">En tanto, la FGEO brinda atenci\u00f3n integral a las v\u00edctimas indirectas para dar acompa\u00f1amiento en el proceso legal que se desarrolla por este caso.<\/p>\n","protected":false},"excerpt":{"rendered":"<p>Redacci\u00f3n\/Zona Roja.&nbsp; Oaxaca de Ju\u00e1rez, Oax. 29 de diciembre de 2024.- La Fiscal\u00eda General del&hellip;<\/p>\n","protected":false},"author":2,"featured_media":75933,"comment_status":"closed","ping_status":"open","sticky":false,"template":"","format":"standard","meta":{"_lmt_disableupdate":"","_lmt_disable":"","_jetpack_memberships_contains_paid_content":false,"footnotes":""},"categories":[1],"tags":[],"class_list":["post-75952","post","type-post","status-publish","format-standard","has-post-thumbnail","hentry","category-sin-categoria"],"jetpack_featured_media_url":"https:\/\/zonaroja.com.mx\/wp-content\/uploads\/2024\/12\/Cholos-asesinan-a-individuo-en-Cuilapam.jpg","jetpack_sharing_enabled":true,"_links":{"self":[{"href":"https:\/\/zonaroja.com.mx\/index.php?rest_route=\/wp\/v2\/posts\/75952","targetHints":{"allow":["GET"]}}],"collection":[{"href":"https:\/\/zonaroja.com.mx\/index.php?rest_route=\/wp\/v2\/posts"}],"about":[{"href":"https:\/\/zonaroja.com.mx\/index.php?rest_route=\/wp\/v2\/types\/post"}],"author":[{"embeddable":true,"href":"https:\/\/zonaroja.com.mx\/index.php?rest_route=\/wp\/v2\/users\/2"}],"replies":[{"embeddable":true,"href":"https:\/\/zonaroja.com.mx\/index.php?rest_route=%2Fwp%2Fv2%2Fcomments&post=75952"}],"version-history":[{"count":1,"href":"https:\/\/zonaroja.com.mx\/index.php?rest_route=\/wp\/v2\/posts\/75952\/revisions"}],"predecessor-version":[{"id":75953,"href":"https:\/\/zonaroja.com.mx\/index.php?rest_route=\/wp\/v2\/posts\/75952\/revisions\/75953"}],"wp:featuredmedia":[{"embeddable":true,"href":"https:\/\/zonaroja.com.mx\/index.php?rest_route=\/wp\/v2\/media\/75933"}],"wp:attachment":[{"href":"https:\/\/zonaroja.com.mx\/index.php?rest_route=%2Fwp%2Fv2%2Fmedia&parent=75952"}],"wp:term":[{"taxonomy":"category","embeddable":true,"href":"https:\/\/zonaroja.com.mx\/index.php?rest_route=%2Fwp%2Fv2%2Fcategories&post=75952"},{"taxonomy":"post_tag","embeddable":true,"href":"https:\/\/zonaroja.com.mx\/index.php?rest_route=%2Fwp%2Fv2%2Ftags&post=75952"}],"curies":[{"name":"wp","href":"https:\/\/api.w.org\/{rel}","templated":true}]}}