{"id":75954,"date":"2024-12-29T15:45:44","date_gmt":"2024-12-29T21:45:44","guid":{"rendered":"https:\/\/zonaroja.com.mx\/?p=75954"},"modified":"2024-12-29T15:45:47","modified_gmt":"2024-12-29T21:45:47","slug":"ceci-ahora-cumplimos-siete-navidades-sin-ti","status":"publish","type":"post","link":"https:\/\/zonaroja.com.mx\/?p=75954","title":{"rendered":"Ceci, ahora cumplimos siete Navidades sin ti"},"content":{"rendered":"\n<p>Ver\u00f3nica Villalvazo (Frida Guerrera)<\/p>\n\n\n\n<p>Brenda Cecilia Guzm\u00e1n Nava, a quien cari\u00f1osamente llamaba su familia Ceci, naci\u00f3 el 16 de octubre de 1996,&nbsp;en la comunidad de Maravat\u00edo del Encinal Salvatierra, Guanajuato, era hija de Francisco Guzm\u00e1n Camargo&nbsp;y de Imelda Nava Arregu\u00edn.<\/p>\n\n\n\n<p>Yuli, hermana de Ceci, recuerda.&nbsp;\u00abUn d\u00eda,&nbsp;mi pap\u00e1 se encontr\u00f3,&nbsp;un colibr\u00ed tullido.&nbsp;(Que est\u00e1 imposibilitado para moverse,&nbsp;o para mover alguno de sus miembros.) debajo de un mezquite,&nbsp;y lo envolvi\u00f3, cuando abrimos la s\u00e1bana,&nbsp;el colibr\u00ed vol\u00f3 a mi pap\u00e1 entonces,&nbsp;se le ocurri\u00f3 comenzar a decirle a Ceci&nbsp;chuparrosita:&nbsp;porque dec\u00eda que se parec\u00eda a ese&nbsp;colibr\u00ed, y&nbsp;en ese momento Ceci se convirti\u00f3,&nbsp;para toda la familia en la&nbsp;Chuparrosita, y as\u00ed le dec\u00edamos de cari\u00f1o la chuparrosa\u00bb.<\/p>\n\n\n\n<p>La peque\u00f1a&nbsp;\u201cchuparrosa\u201d, estudi\u00f3 preescolar, primaria y secundaria en su comunidad. La preparatoria,&nbsp;la realiz\u00f3,&nbsp;en Salvatierra, Guanajuato, pero cuando lleg\u00f3 el momento;&nbsp;se fue a la Ciudad de Celaya, donde estudi\u00f3 psicolog\u00eda,&nbsp;en la Universidad de Celaya.&nbsp;m\u00e1s conocida como Uni.<\/p>\n\n\n\n<p>Ceci pernoctaba de lunes a viernes en Celaya. Imelda, la madre de familia, estaba enferma, situaci\u00f3n que manten\u00eda a Ceci cerca de su casa, solo la separaban 40 minutos, por lo que en ocasiones iba y ven\u00eda de la universidad a casa.<\/p>\n\n\n\n<p>El 17 de octubre de 2018, la familia refiere que todo parec\u00eda normal, jam\u00e1s imaginaron la pesadilla que estaba a punto de empezar. Ese d\u00eda, la peque\u00f1a \u201cchuparrosa\u00bb fue encontrada asesinada en su casa, en Celaya, Guanajuato. Hasta el momento, las autoridades ni siquiera les han dado pistas de qui\u00e9n,&nbsp;o qui\u00e9nes,&nbsp;puedan ser los responsables,&nbsp;de tan espantoso crimen.<\/p>\n\n\n\n<p>Yuli, redacta un a\u00f1o m\u00e1s, las l\u00edneas de amor y dolor, que, aunque, pasan los a\u00f1os, no cede el dolor, al contrario, se agudiza. Y las l\u00e1grimas, para dejarlas brotar, hay que esconderse, para evitar que el resto se de cuenta. Que, duele, cala.&nbsp;<\/p>\n\n\n\n<p>*****<\/p>\n\n\n\n<p>\u201cQuerida \u2018chuparrosa\u2019:<\/p>\n\n\n\n<p>Ceci, mi amada ni\u00f1a, dar\u00eda todo por no escribir esta carta hoy. Pens\u00e9 que al pasar de los a\u00f1os ser\u00eda m\u00e1s sencillo, pero me equivoqu\u00e9: cada d\u00eda duele y pesa m\u00e1s tu ausencia.<\/p>\n\n\n\n<p>Este a\u00f1o,&nbsp;muchos pap\u00e1s y hermanos les han escrito a todas esas mujeres que, como t\u00fa, un d\u00eda nos fueron arrebatadas. Hoy te escribo yo,&nbsp;porque t\u00fa,&nbsp;siempre dec\u00edas que,&nbsp;yo era muy parecida a mi papi,&nbsp;y por eso te sent\u00edas segura,&nbsp;y,&nbsp;protegida a mi lado.<\/p>\n\n\n\n<p>Que&nbsp;iron\u00eda, t\u00fa te sent\u00edas protegida,&nbsp;y eso fue precisamente lo que no pude hacer: protegerte.<\/p>\n\n\n\n<p>Ceci, ahora cumplimos siete Navidades sin ti,&nbsp;y pesa tanto cada una de ellas. La primera fue dif\u00edcil para todos, pero llor\u00e1bamos y lo dec\u00edamos. Ahora solo veo en nuestros rostros una tristeza inmensa,&nbsp;que disfrazamos con sonrisas de esperanza.<\/p>\n\n\n\n<p>Ahora no brotan l\u00e1grimas de nuestros ojos, intentando ser fuertes el uno,&nbsp;para el otro, pero por dentro,&nbsp;s\u00e9 que,&nbsp;estamos destrozados.<\/p>\n\n\n\n<p>Mi ni\u00f1a, las luces ya no brillan igual, el arbolito, por m\u00e1s decorado que est\u00e9, no es tan bonito como el de hace ocho a\u00f1os, pues, le falta la alegr\u00eda y el color que le daba el hecho de estar juntos.<\/p>\n\n\n\n<p>Ceci,&nbsp;s\u00e9 que est\u00e1s en un lugar mejor, s\u00e9 que est\u00e1s con mi papi y que desde el cielo pueden cuidarnos, sin embargo, me gustar\u00eda tenerte aqu\u00ed a mi lado.Quisiera que esto fuera una pesadilla,&nbsp;y poder despertar pronto; es duro&nbsp;no poder tener un cierre. Es doloroso que tu asesinato,&nbsp;quede impune,&nbsp;y es insostenible la vida sin ti.<\/p>\n\n\n\n<p>S\u00e9 que Dios te har\u00e1 justicia y a eso me aferro, me aferro,&nbsp;a esta familia de Voces&nbsp;de la Ausencia,&nbsp;donde aunque todas est\u00e1n rotas,&nbsp;siempre encuentran una palabra de amor y consuelo, siempre de la mano con nuestra Frida Guerrera, me aferro a nuestra familia,&nbsp;que aun,&nbsp;cuando est\u00e1 rota siempre intentan arroparme, me aferro a tu recuerdo,&nbsp;ese que nadie,&nbsp;ni siquiera ese maldito asesino que,&nbsp;anda por ah\u00ed disfrutando su vida puede arrebatarme; me aferro al amor que te tengo,&nbsp;y siempre te tendr\u00e9,&nbsp;hasta el d\u00eda que deje de respirar.<\/p>\n\n\n\n<p>Nunca dejar\u00e9 de recordarte que Nuestro amor es como el viento, no lo vemos, pero podemos sentirlo.<br>Con amor, Yuli\u201d.<\/p>\n\n\n\n<p>*****<\/p>\n\n\n\n<p>Eres madre, padre, hermana, hermano, hija, hijo, de una mujer v\u00edctima de feminicidio, desaparici\u00f3n, o intento de feminicidio: b\u00fascame, ay\u00fadame a visualizarlas y contar su historia. Voces de la Ausencia.<\/p>\n\n\n\n<p>P. D. Cada uno de los textos expuestos en este espacio, son con autorizaci\u00f3n y acompa\u00f1amiento de las v\u00edctimas. Porque s\u00f3lo somos, la extensi\u00f3n de su grito de justicia.<\/p>\n\n\n\n<p>@FridaGuerrera<\/p>\n\n\n\n<p>@vocesDLAusencia<\/p>\n","protected":false},"excerpt":{"rendered":"<p>Ver\u00f3nica Villalvazo (Frida Guerrera) Brenda Cecilia Guzm\u00e1n Nava, a quien cari\u00f1osamente llamaba su familia Ceci,&hellip;<\/p>\n","protected":false},"author":2,"featured_media":69816,"comment_status":"closed","ping_status":"open","sticky":false,"template":"","format":"standard","meta":{"_lmt_disableupdate":"","_lmt_disable":"","_jetpack_memberships_contains_paid_content":false,"footnotes":""},"categories":[456,109],"tags":[1377],"class_list":["post-75954","post","type-post","status-publish","format-standard","has-post-thumbnail","hentry","category-columna","category-minuto-a-minuto","tag-frida-guerrera-villalvazo"],"jetpack_featured_media_url":"https:\/\/zonaroja.com.mx\/wp-content\/uploads\/2024\/06\/Frida-Guerrera-Veronica-Villalvazo.jpg","jetpack_sharing_enabled":true,"_links":{"self":[{"href":"https:\/\/zonaroja.com.mx\/index.php?rest_route=\/wp\/v2\/posts\/75954","targetHints":{"allow":["GET"]}}],"collection":[{"href":"https:\/\/zonaroja.com.mx\/index.php?rest_route=\/wp\/v2\/posts"}],"about":[{"href":"https:\/\/zonaroja.com.mx\/index.php?rest_route=\/wp\/v2\/types\/post"}],"author":[{"embeddable":true,"href":"https:\/\/zonaroja.com.mx\/index.php?rest_route=\/wp\/v2\/users\/2"}],"replies":[{"embeddable":true,"href":"https:\/\/zonaroja.com.mx\/index.php?rest_route=%2Fwp%2Fv2%2Fcomments&post=75954"}],"version-history":[{"count":1,"href":"https:\/\/zonaroja.com.mx\/index.php?rest_route=\/wp\/v2\/posts\/75954\/revisions"}],"predecessor-version":[{"id":75955,"href":"https:\/\/zonaroja.com.mx\/index.php?rest_route=\/wp\/v2\/posts\/75954\/revisions\/75955"}],"wp:featuredmedia":[{"embeddable":true,"href":"https:\/\/zonaroja.com.mx\/index.php?rest_route=\/wp\/v2\/media\/69816"}],"wp:attachment":[{"href":"https:\/\/zonaroja.com.mx\/index.php?rest_route=%2Fwp%2Fv2%2Fmedia&parent=75954"}],"wp:term":[{"taxonomy":"category","embeddable":true,"href":"https:\/\/zonaroja.com.mx\/index.php?rest_route=%2Fwp%2Fv2%2Fcategories&post=75954"},{"taxonomy":"post_tag","embeddable":true,"href":"https:\/\/zonaroja.com.mx\/index.php?rest_route=%2Fwp%2Fv2%2Ftags&post=75954"}],"curies":[{"name":"wp","href":"https:\/\/api.w.org\/{rel}","templated":true}]}}