{"id":75959,"date":"2024-12-29T20:54:35","date_gmt":"2024-12-30T02:54:35","guid":{"rendered":"https:\/\/zonaroja.com.mx\/?p=75959"},"modified":"2024-12-29T20:54:38","modified_gmt":"2024-12-30T02:54:38","slug":"vive-el-istmo-domingo-criminal-con-dos-crimenes-y-un-asalto","status":"publish","type":"post","link":"https:\/\/zonaroja.com.mx\/?p=75959","title":{"rendered":"Vive el Istmo domingo criminal, con dos cr\u00edmenes y un asalto"},"content":{"rendered":"\n<p>Ismael Garc\u00eda M.\/Zona Roja.<\/p>\n\n\n\n<p>Oaxaca de Ju\u00e1rez, Oax., a 29 de diciembre de 2024.- La ola de violencia criminal se intensific\u00f3 en la regi\u00f3n del Istmo, al cierre del a\u00f1o.<\/p>\n\n\n\n<p>Este domingo, al menos dos personas fueron asesinadas a balazos en Santo Domingo Tehuantepec, adem\u00e1s de registrarse un asalto violento.<\/p>\n\n\n\n<p>El m\u00e1s reciente caso ocurri\u00f3 poco despu\u00e9s del mediod\u00eda en un local de lavado de autos, en la localidad de Santa Cruz Tagolaba, Tehuantepec.<\/p>\n\n\n\n<p>El hoy occiso respondi\u00f3 en vida al nombre de Vladimir V. H., de aproximadamente 23 a\u00f1os de edad, y fue acribillado en el local denominado \u201cMaya\u201d; los agresores huyeron de inmediato.<\/p>\n\n\n\n<p>El hoy occiso presuntamente tiene antecedentes penales y habr\u00eda participado en diversos hechos delictivos.<\/p>\n\n\n\n<p>Mientras que por la ma\u00f1ana fue descubierto un cuerpo sin vida en el Camino Real a Santa Mar\u00eda Mixtequilla, con varios impactos de arma de fuego.<\/p>\n\n\n\n<p>La v\u00edctima del sexo masculino vest\u00eda un pantal\u00f3n de mezclilla, una camisa blanca y tenis; hasta este momento no ha sido identificada.<\/p>\n\n\n\n<p>En ambos casos, la Fiscal\u00eda General del Estado de Oaxaca, a trav\u00e9s de la Vicefiscal\u00eda Regional del Istmo, inici\u00f3 las indagatorias correspondientes.<\/p>\n\n\n\n<p>Por otra parte, durante la tarde de este domingo, individuos armados asaltaron la tienda \u201cNeto\u201d de Tehuantepec; se llevaron dinero en efectivo y diversos art\u00edculos y, a falta de vigilancia policiaca en la zona, huyeron sin dificultades.<\/p>\n\n\n\n<p>Por otra parte, en un camino de terracer\u00eda hacia la agencia de Playa Brasil, del municipio de Salina Cruz, autoridades policiacas localizaron un veh\u00edculo de motor abandonado, que se presume fue utilizado para cometer un delito.<\/p>\n\n\n\n<p>Se trata de una unidad de motor marca Chevrolet, tipio Cruze LT, color blanco, con placas de circulaci\u00f3n TMN 4723 del estado de Oaxaca.<\/p>\n","protected":false},"excerpt":{"rendered":"<p>Ismael Garc\u00eda M.\/Zona Roja. Oaxaca de Ju\u00e1rez, Oax., a 29 de diciembre de 2024.- La&hellip;<\/p>\n","protected":false},"author":2,"featured_media":75960,"comment_status":"closed","ping_status":"open","sticky":false,"template":"","format":"standard","meta":{"_lmt_disableupdate":"","_lmt_disable":"","_jetpack_memberships_contains_paid_content":false,"footnotes":""},"categories":[109,51],"tags":[533],"class_list":["post-75959","post","type-post","status-publish","format-standard","has-post-thumbnail","hentry","category-minuto-a-minuto","category-zona-roja","tag-asesinado-en-tehuantepec"],"jetpack_featured_media_url":"https:\/\/zonaroja.com.mx\/wp-content\/uploads\/2024\/12\/Asesinado-en-Tehuantepec.jpeg","jetpack_sharing_enabled":true,"_links":{"self":[{"href":"https:\/\/zonaroja.com.mx\/index.php?rest_route=\/wp\/v2\/posts\/75959","targetHints":{"allow":["GET"]}}],"collection":[{"href":"https:\/\/zonaroja.com.mx\/index.php?rest_route=\/wp\/v2\/posts"}],"about":[{"href":"https:\/\/zonaroja.com.mx\/index.php?rest_route=\/wp\/v2\/types\/post"}],"author":[{"embeddable":true,"href":"https:\/\/zonaroja.com.mx\/index.php?rest_route=\/wp\/v2\/users\/2"}],"replies":[{"embeddable":true,"href":"https:\/\/zonaroja.com.mx\/index.php?rest_route=%2Fwp%2Fv2%2Fcomments&post=75959"}],"version-history":[{"count":1,"href":"https:\/\/zonaroja.com.mx\/index.php?rest_route=\/wp\/v2\/posts\/75959\/revisions"}],"predecessor-version":[{"id":75961,"href":"https:\/\/zonaroja.com.mx\/index.php?rest_route=\/wp\/v2\/posts\/75959\/revisions\/75961"}],"wp:featuredmedia":[{"embeddable":true,"href":"https:\/\/zonaroja.com.mx\/index.php?rest_route=\/wp\/v2\/media\/75960"}],"wp:attachment":[{"href":"https:\/\/zonaroja.com.mx\/index.php?rest_route=%2Fwp%2Fv2%2Fmedia&parent=75959"}],"wp:term":[{"taxonomy":"category","embeddable":true,"href":"https:\/\/zonaroja.com.mx\/index.php?rest_route=%2Fwp%2Fv2%2Fcategories&post=75959"},{"taxonomy":"post_tag","embeddable":true,"href":"https:\/\/zonaroja.com.mx\/index.php?rest_route=%2Fwp%2Fv2%2Ftags&post=75959"}],"curies":[{"name":"wp","href":"https:\/\/api.w.org\/{rel}","templated":true}]}}