{"id":75962,"date":"2024-12-29T21:53:56","date_gmt":"2024-12-30T03:53:56","guid":{"rendered":"https:\/\/zonaroja.com.mx\/?p=75962"},"modified":"2024-12-29T21:53:59","modified_gmt":"2024-12-30T03:53:59","slug":"despedidos-del-gobierno-preven-realizar-protestas-aun-sin-su-dirigencia","status":"publish","type":"post","link":"https:\/\/zonaroja.com.mx\/?p=75962","title":{"rendered":"Despedidos del gobierno prev\u00e9n realizar protestas, a\u00fan sin su dirigencia"},"content":{"rendered":"\n<p>Raymundo Morales\/Zona Roja.<\/p>\n\n\n\n<p>Oaxaca de Ju\u00e1rez, Oax., a 29 de diciembre de 2024.- Los 677 despedidos del gobierno de Oaxaca por decreto aprobado por la 66 Legislatura local, prev\u00e9n realizar movilizaciones a partir de este lunes, a\u00fan en contra de la decisi\u00f3n del comit\u00e9 ejecutivo del sindicato de bur\u00f3cratas.<\/p>\n\n\n\n<p>Y es que tras la determinaci\u00f3n de la representaci\u00f3n del Sindicato de Trabajadores de los Poderes del Estado e Instituciones Descentralizadas de Car\u00e1cter Estatal de Oaxaca y autoridades estatales de s\u00f3lo reconocer 667 plazas laborales extinguidas por decreto, el dirigente Pedro Castillejos Villalonos les pidi\u00f3 no movilizarse.<\/p>\n\n\n\n<p>A cambio, les prometi\u00f3 a los no reconocidos acudir por la v\u00eda legal, a trav\u00e9s de amparos, para intentar recuperar su plaza laboral; no obstante, los ex empleados de gobierno preparan diversas movilizaciones, a\u00fan sin el respaldo del comit\u00e9 ejecutivo sindical.<\/p>\n\n\n\n<p>Ser\u00e1 este lunes en que se comenzar\u00e1n a notificar a los 667 beneficiados que lograron la recuperaci\u00f3n de su plaza, as\u00ed como todos las garant\u00edas laborales de las que gozaban.<\/p>\n\n\n\n<p>Entre ellas, cubrirles el salario a partir del 12 de diciembre, fecha en que fueron cesados, y hasta el fin de este mes; asimismo, la parte proporcional del aguinaldo pendiente.<\/p>\n\n\n\n<p>Tambi\u00e9n, la reincorporaci\u00f3n al Instituto Mexicano del Seguro Social y no se afectar\u00e1 en absoluto la antig\u00fcedad con que contaban al momento de ser cesados.<\/p>\n\n\n\n<p>Hasta el momento, el Gobierno del Estado de Oaxaca no ha dado a conocer su postura ni la forma en que se extinguir\u00e1 o modificar\u00e1 el decreto por el cual fueron cesados los empleados que recuperar\u00e1n su base.<\/p>\n","protected":false},"excerpt":{"rendered":"<p>Raymundo Morales\/Zona Roja. Oaxaca de Ju\u00e1rez, Oax., a 29 de diciembre de 2024.- Los 677&hellip;<\/p>\n","protected":false},"author":2,"featured_media":75932,"comment_status":"closed","ping_status":"open","sticky":false,"template":"","format":"standard","meta":{"_lmt_disableupdate":"","_lmt_disable":"","_jetpack_memberships_contains_paid_content":false,"footnotes":""},"categories":[109,47],"tags":[972],"class_list":["post-75962","post","type-post","status-publish","format-standard","has-post-thumbnail","hentry","category-minuto-a-minuto","category-zona-gris","tag-stpeidceo"],"jetpack_featured_media_url":"https:\/\/zonaroja.com.mx\/wp-content\/uploads\/2024\/12\/Pernoctan-burocratas-STPEIDCEO-centro-de-convenciones.jpg","jetpack_sharing_enabled":true,"_links":{"self":[{"href":"https:\/\/zonaroja.com.mx\/index.php?rest_route=\/wp\/v2\/posts\/75962","targetHints":{"allow":["GET"]}}],"collection":[{"href":"https:\/\/zonaroja.com.mx\/index.php?rest_route=\/wp\/v2\/posts"}],"about":[{"href":"https:\/\/zonaroja.com.mx\/index.php?rest_route=\/wp\/v2\/types\/post"}],"author":[{"embeddable":true,"href":"https:\/\/zonaroja.com.mx\/index.php?rest_route=\/wp\/v2\/users\/2"}],"replies":[{"embeddable":true,"href":"https:\/\/zonaroja.com.mx\/index.php?rest_route=%2Fwp%2Fv2%2Fcomments&post=75962"}],"version-history":[{"count":1,"href":"https:\/\/zonaroja.com.mx\/index.php?rest_route=\/wp\/v2\/posts\/75962\/revisions"}],"predecessor-version":[{"id":75963,"href":"https:\/\/zonaroja.com.mx\/index.php?rest_route=\/wp\/v2\/posts\/75962\/revisions\/75963"}],"wp:featuredmedia":[{"embeddable":true,"href":"https:\/\/zonaroja.com.mx\/index.php?rest_route=\/wp\/v2\/media\/75932"}],"wp:attachment":[{"href":"https:\/\/zonaroja.com.mx\/index.php?rest_route=%2Fwp%2Fv2%2Fmedia&parent=75962"}],"wp:term":[{"taxonomy":"category","embeddable":true,"href":"https:\/\/zonaroja.com.mx\/index.php?rest_route=%2Fwp%2Fv2%2Fcategories&post=75962"},{"taxonomy":"post_tag","embeddable":true,"href":"https:\/\/zonaroja.com.mx\/index.php?rest_route=%2Fwp%2Fv2%2Ftags&post=75962"}],"curies":[{"name":"wp","href":"https:\/\/api.w.org\/{rel}","templated":true}]}}