{"id":75965,"date":"2024-12-30T07:42:14","date_gmt":"2024-12-30T13:42:14","guid":{"rendered":"https:\/\/zonaroja.com.mx\/?p=75965"},"modified":"2024-12-30T07:47:28","modified_gmt":"2024-12-30T13:47:28","slug":"otro-crimen-en-domingo-ahora-en-pinotepa-nacional","status":"publish","type":"post","link":"https:\/\/zonaroja.com.mx\/?p=75965","title":{"rendered":"Otro crimen en domingo, ahora en Pinotepa Nacional"},"content":{"rendered":"\n<p>Ismael Garc\u00eda M.\/Zona Roja.<\/p>\n\n\n\n<p>Oaxaca de Ju\u00e1rez, Oax., a 30 de diciembre de 2024.- Una tercera persona fue asesinada ayer domingo en el estado de Oaxaca.<\/p>\n\n\n\n<p>El reciente caso ocurri\u00f3 anoche en el municipio de Santiago Pinotepa Nacional, donde un individuo fue ultimada con disparos de arma de fuego.<\/p>\n\n\n\n<p>El crimen se perpetr\u00f3 en la calle 5 Oriente, entre la 8 Sur y 10 Sur, y la v\u00edctima a\u00fan no ha sido identificada; \u00fanicamente se ha dicho que es un joven.<\/p>\n\n\n\n<p>Personal de la Vicefiscal\u00eda Regional de la Costa realiza las Investigaciones correspondientes para dar con el paradero del o de los homicidas.<\/p>\n\n\n\n<p>Por otra parte, en la calle Calvario de Santa Mar\u00eda Xadani, municipio de la regi\u00f3n del Istmo, un hombre fue agredido a balazos ayer por la tarde,<\/p>\n\n\n\n<p>El hombre dijo llamarse Iv\u00e1n L. J. y fue trasladado a un nosocomio para recibir atenci\u00f3n m\u00e9dica. El agresor escap\u00f3 a bordo de una motocicleta y no ha sido detenido hasta el momento; tampoco se conocen las causas del ataque.<\/p>\n\n\n\n<p>Mientras que en el municipio de San Blas Atempa, una familia denunci\u00f3 haber sido despojada de su camioneta y sus animales dom\u00e9sticos el d\u00eda de ayer, cuando transitaba por un camino de terracer\u00eda.<\/p>\n\n\n\n<p>\u201cEran tres o cuatro sujetos no alcanc\u00e9 ver por el susto; dos eran de tez morena y eran flacos, el otro era g\u00fcero y robusto; todos eran j\u00f3venes entre los 20 a 25 a\u00f1os y ven\u00edan en una moto blanca\u201d, narr\u00f3 el padre de familia.<\/p>\n\n\n\n<p>C\u00f3mo se inform\u00f3, ayer domingo, en dos hechos distintos, fueron asesinadas dos personas, una en camino a Santa Mar\u00eda Mixtequilla y otra en Santa Cruz Tagolaba. <\/p>\n","protected":false},"excerpt":{"rendered":"<p>Ismael Garc\u00eda M.\/Zona Roja. Oaxaca de Ju\u00e1rez, Oax., a 30 de diciembre de 2024.- Una&hellip;<\/p>\n","protected":false},"author":2,"featured_media":75966,"comment_status":"closed","ping_status":"open","sticky":false,"template":"","format":"standard","meta":{"_lmt_disableupdate":"","_lmt_disable":"","_jetpack_memberships_contains_paid_content":false,"footnotes":""},"categories":[109,51],"tags":[916],"class_list":["post-75965","post","type-post","status-publish","format-standard","has-post-thumbnail","hentry","category-minuto-a-minuto","category-zona-roja","tag-pinotepa-nacional"],"jetpack_featured_media_url":"https:\/\/zonaroja.com.mx\/wp-content\/uploads\/2024\/12\/Asesinado-Pinotepa-nacional.jpg","jetpack_sharing_enabled":true,"_links":{"self":[{"href":"https:\/\/zonaroja.com.mx\/index.php?rest_route=\/wp\/v2\/posts\/75965","targetHints":{"allow":["GET"]}}],"collection":[{"href":"https:\/\/zonaroja.com.mx\/index.php?rest_route=\/wp\/v2\/posts"}],"about":[{"href":"https:\/\/zonaroja.com.mx\/index.php?rest_route=\/wp\/v2\/types\/post"}],"author":[{"embeddable":true,"href":"https:\/\/zonaroja.com.mx\/index.php?rest_route=\/wp\/v2\/users\/2"}],"replies":[{"embeddable":true,"href":"https:\/\/zonaroja.com.mx\/index.php?rest_route=%2Fwp%2Fv2%2Fcomments&post=75965"}],"version-history":[{"count":2,"href":"https:\/\/zonaroja.com.mx\/index.php?rest_route=\/wp\/v2\/posts\/75965\/revisions"}],"predecessor-version":[{"id":75968,"href":"https:\/\/zonaroja.com.mx\/index.php?rest_route=\/wp\/v2\/posts\/75965\/revisions\/75968"}],"wp:featuredmedia":[{"embeddable":true,"href":"https:\/\/zonaroja.com.mx\/index.php?rest_route=\/wp\/v2\/media\/75966"}],"wp:attachment":[{"href":"https:\/\/zonaroja.com.mx\/index.php?rest_route=%2Fwp%2Fv2%2Fmedia&parent=75965"}],"wp:term":[{"taxonomy":"category","embeddable":true,"href":"https:\/\/zonaroja.com.mx\/index.php?rest_route=%2Fwp%2Fv2%2Fcategories&post=75965"},{"taxonomy":"post_tag","embeddable":true,"href":"https:\/\/zonaroja.com.mx\/index.php?rest_route=%2Fwp%2Fv2%2Ftags&post=75965"}],"curies":[{"name":"wp","href":"https:\/\/api.w.org\/{rel}","templated":true}]}}