{"id":75971,"date":"2024-12-30T11:30:00","date_gmt":"2024-12-30T17:30:00","guid":{"rendered":"https:\/\/zonaroja.com.mx\/?p=75971"},"modified":"2024-12-30T08:24:43","modified_gmt":"2024-12-30T14:24:43","slug":"en-menos-de-una-semana-matan-a-otro-ciclista-en-accidente-fallece-aei","status":"publish","type":"post","link":"https:\/\/zonaroja.com.mx\/?p=75971","title":{"rendered":"En menos de una semana, matan a otro ciclista; en accidente fallece AEI"},"content":{"rendered":"\n<p>Raymundo Morales\/Zona Roja.<\/p>\n\n\n\n<p>Oaxaca de Ju\u00e1rez, Oax., a 30 de diciembre de 2024.- En menos de una semana, y a unas horas que fuera colocada una bicicleta blanca en se\u00f1al de luto y exigencia de justicia, otro ciclista fue atropellado y muerto en Oaxaca.<\/p>\n\n\n\n<p>El percance ocurri\u00f3 ayer por la tarde en la carretera federal 131 que comunica a Puerto Escondido, a la altura del kil\u00f3metro 8+600, en el puente \u201cReforma II\u201d, municipio de Zimatl\u00e1n de \u00c1lvarez.<\/p>\n\n\n\n<p>La v\u00edctima a\u00fan no ha sido identificada y el cuerpo fue hallado a un costado de la v\u00eda asf\u00e1ltica, por lo cual la Fiscal\u00eda General del Estado indaga este homicidio.<\/p>\n\n\n\n<p>Apenas ayer, en jurisdicci\u00f3n de Tlalixtac de Cabrera, en la regi\u00f3n de Valles Centrales, el colectivo \u201cGabi Bici Blanca\u201d y familiares colocaron una bicicleta blanca en la zona donde muri\u00f3 atropellado el joven Manuel Alejandro, la tarde-noche del d\u00eda de Navidad.<\/p>\n\n\n\n<p>Por otra parte, un percance fatal ocurri\u00f3 anoche en la vialidad de la ribera del r\u00edo \u201cSalado\u201d, jurisdicci\u00f3n de San Antonio de la Cal, al sur de la capital, en que un elemento de la Agencia Estatal de Investigaciones (AEI) perdi\u00f3 la vida.<\/p>\n\n\n\n<p>El funcionario viajaba a bordo de una motocicleta pero por causas que a\u00fan se desconocen, cay\u00f3 al fondo del afluente de aguas negras.<\/p>\n\n\n\n<p>Param\u00e9dicos arribaron a la zona y rescataron el cuerpo sin vida; tras ello, peritos de la Fiscal\u00eda General del Estado iniciaron las indagatorias respectivas.<\/p>\n\n\n\n<p>La v\u00edctima fue identificada como Gustavo H. G., con n\u00famero de placa 1225, asignado al \u00e1rea de homicidios de la Agencia investigadora.&nbsp;<\/p>\n","protected":false},"excerpt":{"rendered":"<p>Raymundo Morales\/Zona Roja. Oaxaca de Ju\u00e1rez, Oax., a 30 de diciembre de 2024.- En menos&hellip;<\/p>\n","protected":false},"author":2,"featured_media":75972,"comment_status":"closed","ping_status":"open","sticky":false,"template":"","format":"standard","meta":{"_lmt_disableupdate":"","_lmt_disable":"","_jetpack_memberships_contains_paid_content":false,"footnotes":""},"categories":[109,47],"tags":[],"class_list":["post-75971","post","type-post","status-publish","format-standard","has-post-thumbnail","hentry","category-minuto-a-minuto","category-zona-gris"],"jetpack_featured_media_url":"https:\/\/zonaroja.com.mx\/wp-content\/uploads\/2024\/12\/Ciclista-muerto-Zimatlan-.jpg","jetpack_sharing_enabled":true,"_links":{"self":[{"href":"https:\/\/zonaroja.com.mx\/index.php?rest_route=\/wp\/v2\/posts\/75971","targetHints":{"allow":["GET"]}}],"collection":[{"href":"https:\/\/zonaroja.com.mx\/index.php?rest_route=\/wp\/v2\/posts"}],"about":[{"href":"https:\/\/zonaroja.com.mx\/index.php?rest_route=\/wp\/v2\/types\/post"}],"author":[{"embeddable":true,"href":"https:\/\/zonaroja.com.mx\/index.php?rest_route=\/wp\/v2\/users\/2"}],"replies":[{"embeddable":true,"href":"https:\/\/zonaroja.com.mx\/index.php?rest_route=%2Fwp%2Fv2%2Fcomments&post=75971"}],"version-history":[{"count":1,"href":"https:\/\/zonaroja.com.mx\/index.php?rest_route=\/wp\/v2\/posts\/75971\/revisions"}],"predecessor-version":[{"id":75973,"href":"https:\/\/zonaroja.com.mx\/index.php?rest_route=\/wp\/v2\/posts\/75971\/revisions\/75973"}],"wp:featuredmedia":[{"embeddable":true,"href":"https:\/\/zonaroja.com.mx\/index.php?rest_route=\/wp\/v2\/media\/75972"}],"wp:attachment":[{"href":"https:\/\/zonaroja.com.mx\/index.php?rest_route=%2Fwp%2Fv2%2Fmedia&parent=75971"}],"wp:term":[{"taxonomy":"category","embeddable":true,"href":"https:\/\/zonaroja.com.mx\/index.php?rest_route=%2Fwp%2Fv2%2Fcategories&post=75971"},{"taxonomy":"post_tag","embeddable":true,"href":"https:\/\/zonaroja.com.mx\/index.php?rest_route=%2Fwp%2Fv2%2Ftags&post=75971"}],"curies":[{"name":"wp","href":"https:\/\/api.w.org\/{rel}","templated":true}]}}