{"id":7598,"date":"2020-01-12T17:06:39","date_gmt":"2020-01-12T23:06:39","guid":{"rendered":"http:\/\/www.zonaroja.com.mx\/?p=7598"},"modified":"2020-01-12T17:06:42","modified_gmt":"2020-01-12T23:06:42","slug":"frustran-sueno-americano-para-mas-de-mil-600-oaxaquenos-cada-mes","status":"publish","type":"post","link":"https:\/\/zonaroja.com.mx\/?p=7598","title":{"rendered":"Frustran \u201csue\u00f1o americano\u201d para m\u00e1s de mil 600 oaxaque\u00f1os cada mes"},"content":{"rendered":"\n<p>Yuridiana\nSosa<\/p>\n\n\n\n<p>Foto:\nEspecial<\/p>\n\n\n\n<p>Oaxaca de\nJu\u00e1rez, Oax., 12 de noviembre de 2020.- El sue\u00f1o de una mejor vida para sus\nfamilias, trav\u00e9s de un trabajo mejor remunerado en el extranjero,\nprincipalmente en Estados Unidos de Norteam\u00e9rica, acaba con la repatriaci\u00f3n. <\/p>\n\n\n\n<p>Durante el a\u00f1o\n2019, m\u00e1s de 19 mil 900 oaxaque\u00f1os regresaron al pa\u00eds por medio de ese proceso.<\/p>\n\n\n\n<p>Datos de la\nUnidad de Pol\u00edtica Migratoria, a trav\u00e9s del Instituto Oaxaque\u00f1o de Atenci\u00f3n al\nMigrante, muestran que la cantidad de repatriaciones entre el a\u00f1o 2018 y el\n2019 superan, en promedio, los mil 600 regresos obligatorios para los\noaxaque\u00f1os, entre ellos menores de edad.<\/p>\n\n\n\n<p>Las\nestad\u00edsticas del reporte correspondiente de enero a noviembre del 2019 revelan\nque en ese periodo17 mil 891 oaxaque\u00f1os fueron repatriados, de los cuales, mil\n115 son ni\u00f1as, ni\u00f1os y adolescentes.<\/p>\n\n\n\n<p>En ese\nlapso, sufrieron del regreso 14 mil 938 hombres y dos mil 953 mujeres. Mientras\nque en el caso de los menores, 875 fueron varones y 240 ni\u00f1as.<\/p>\n\n\n\n<p>Las cifras\nson similares en comparaci\u00f3n al a\u00f1o 2018, con cierre en el mes de diciembre,\ncuando la Unidad de Pol\u00edtica Migratoria report\u00f3 19 mil 926 casos de repatriaciones;\nen 16 mil 728 situaciones fueron tr\u00e1mites para hombres y en tres mil 198 para\noaxaque\u00f1as.<\/p>\n\n\n\n<p>El a\u00f1o\nanterior la cantidad de menores de edad regresados fue ligeramente mayor, con\nmil 287 casos, de los mil 24 tr\u00e1mites fue para ni\u00f1os y 263 para ni\u00f1as, indic\u00f3\nel Instituto Oaxaque\u00f1o de Atenci\u00f3n al Migrante.<\/p>\n","protected":false},"excerpt":{"rendered":"<p>Yuridiana Sosa Foto: Especial Oaxaca de Ju\u00e1rez, Oax., 12 de noviembre de 2020.- El sue\u00f1o&hellip;<\/p>\n","protected":false},"author":2,"featured_media":7599,"comment_status":"closed","ping_status":"open","sticky":false,"template":"","format":"standard","meta":{"_lmt_disableupdate":"","_lmt_disable":"","_jetpack_memberships_contains_paid_content":false,"footnotes":""},"categories":[109,47],"tags":[1228],"class_list":["post-7598","post","type-post","status-publish","format-standard","has-post-thumbnail","hentry","category-minuto-a-minuto","category-zona-gris","tag-instituto-oaxaqueno-de-atencion-al-migrante"],"jetpack_featured_media_url":"https:\/\/zonaroja.com.mx\/wp-content\/uploads\/2020\/01\/migrantes2.jpg","jetpack_sharing_enabled":true,"_links":{"self":[{"href":"https:\/\/zonaroja.com.mx\/index.php?rest_route=\/wp\/v2\/posts\/7598","targetHints":{"allow":["GET"]}}],"collection":[{"href":"https:\/\/zonaroja.com.mx\/index.php?rest_route=\/wp\/v2\/posts"}],"about":[{"href":"https:\/\/zonaroja.com.mx\/index.php?rest_route=\/wp\/v2\/types\/post"}],"author":[{"embeddable":true,"href":"https:\/\/zonaroja.com.mx\/index.php?rest_route=\/wp\/v2\/users\/2"}],"replies":[{"embeddable":true,"href":"https:\/\/zonaroja.com.mx\/index.php?rest_route=%2Fwp%2Fv2%2Fcomments&post=7598"}],"version-history":[{"count":1,"href":"https:\/\/zonaroja.com.mx\/index.php?rest_route=\/wp\/v2\/posts\/7598\/revisions"}],"predecessor-version":[{"id":7600,"href":"https:\/\/zonaroja.com.mx\/index.php?rest_route=\/wp\/v2\/posts\/7598\/revisions\/7600"}],"wp:featuredmedia":[{"embeddable":true,"href":"https:\/\/zonaroja.com.mx\/index.php?rest_route=\/wp\/v2\/media\/7599"}],"wp:attachment":[{"href":"https:\/\/zonaroja.com.mx\/index.php?rest_route=%2Fwp%2Fv2%2Fmedia&parent=7598"}],"wp:term":[{"taxonomy":"category","embeddable":true,"href":"https:\/\/zonaroja.com.mx\/index.php?rest_route=%2Fwp%2Fv2%2Fcategories&post=7598"},{"taxonomy":"post_tag","embeddable":true,"href":"https:\/\/zonaroja.com.mx\/index.php?rest_route=%2Fwp%2Fv2%2Ftags&post=7598"}],"curies":[{"name":"wp","href":"https:\/\/api.w.org\/{rel}","templated":true}]}}