{"id":75980,"date":"2024-12-30T11:54:00","date_gmt":"2024-12-30T17:54:00","guid":{"rendered":"https:\/\/zonaroja.com.mx\/?p=75980"},"modified":"2024-12-30T09:56:18","modified_gmt":"2024-12-30T15:56:18","slug":"resurge-marcos-y-zapatistas-aseguran-que-resistiran-al-crimen-organizado","status":"publish","type":"post","link":"https:\/\/zonaroja.com.mx\/?p=75980","title":{"rendered":"Resurge \u201cMarcos\u201d y zapatistas aseguran que resistir\u00e1n al crimen organizado\u00a0"},"content":{"rendered":"\n<p>Redacci\u00f3n\/Zona Roja Cdmx.<\/p>\n\n\n\n<p>Ciudad de M\u00e9xico, a 30 de diciembre de 2024.- En la v\u00edspera del 31 aniversario del alzamiento armado del Ej\u00e9rcito Zapatista de Liberaci\u00f3n Nacional (EZLN) en M\u00e9xico, el subcomandante Marcos afirm\u00f3 este s\u00e1bado que las comunidades zapatistas no se van a doblegar ante las fuerzas de seguridad ni el crimen organizado, en medio de la creciente violencia que azota al estado de Chiapas.<\/p>\n\n\n\n<p>Durante el encuentro \u2018Resistencia y Rebeld\u00eda\u2019 dentro de las actividades conmemorativas del levantamiento del EZLN en Chiapas, Marcos repas\u00f3 la lucha de los pueblos zapatistas que lleg\u00f3 hasta la Ciudad de M\u00e9xico el 1 de enero de 1994 y asegur\u00f3 que su resistencia se mantiene inquebrantable frente a las constantes amenazas que enfrentan.<\/p>\n\n\n\n<p>Con esta abreviada historia, \u00bfustedes de verdad creen que las comunidades zapatistas se van a amedrentar por el silencio, las calumnias, las redes sociales, el crimen desorganizado, la Guardia Nacional, el Ej\u00e9rcito federal, la Marina, los paramilitares, los criminales, las pandemias, los desastres naturales, Trump, Putin, la 4T (t\u00e9rmino relacionado con el oficialismo), el olvido, el desprecio, la mentira?\u201d, plante\u00f3 Marcos.<\/p>\n\n\n\n<p>Asimismo, afirm\u00f3 que \u2018la generaci\u00f3n 94\u2019, en referencia a quienes se alzaron en armas hace 31 a\u00f1os, es la misma que en 2004 advirti\u00f3 lo que se confirmar\u00eda en el periodo 2018-2024 bajo el Gobierno del expresidente Andr\u00e9s Manuel L\u00f3pez Obrador.<\/p>\n\n\n\n<p>En ese entonces, L\u00f3pez Obrador ya se perfilaba como candidato y, seg\u00fan Marcos, representaba una continuaci\u00f3n del sistema pol\u00edtico tradicional, sin atender las demandas fundamentales de los pueblos ind\u00edgenas.<\/p>\n\n\n\n<p>La (misma generaci\u00f3n) que en junio de 2005 convoc\u00f3 con la sexta declaraci\u00f3n de la Selva Lacandona, la que desde entonces es atacada y calumniada por el progresismo\u201d, continu\u00f3 Marcos.<\/p>\n\n\n\n<p>Por su parte, Carlos Gonz\u00e1lez, fundador de la Red de pueblos ind\u00edgenas, denunci\u00f3 el creciente control de los c\u00e1rteles del narcotr\u00e1fico sobre territorios que anteriormente estaban bajo el control de comunidades organizadas.<\/p>\n\n\n\n<p>Destac\u00f3 c\u00f3mo, en varias regiones del pa\u00eds, como Chiapas, Guerrero y Michoac\u00e1n, los comisariados ejidales o de bienes comunales se ven obligados a mantenerse en el poder debido al respaldo de los grupos criminales.<\/p>\n\n\n\n<p>Advirti\u00f3 que esta situaci\u00f3n no solo afecta a las comunidades locales, sino que tambi\u00e9n agrava las tensiones y las confrontaciones armadas con los c\u00e1rteles.<\/p>\n\n\n\n<p>Precis\u00f3 que aunque en zonas del pa\u00eds la presencia del crimen organizado es discreta, en otras, como Chiapas, la resistencia de los pueblos ind\u00edgenas y las denuncias de organizaciones han hecho visible este proceso de cooptaci\u00f3n por parte de los grupos criminales.<\/p>\n\n\n\n<p>El impacto de esta violencia, seg\u00fan Gonz\u00e1lez, se extiende a otras regiones del pa\u00eds, como Guerrero, Colima, Jalisco, Guanajuato, Nayarit y Chihuahua, donde comunidades ind\u00edgenas han sido desplazadas por la presi\u00f3n de los c\u00e1rteles, muchas veces con asesinatos, secuestros y robos.<\/p>\n\n\n\n<p>Por otro lado, el investigador Jacobo Dayan reflexion\u00f3 sobre el contexto global de la situaci\u00f3n y consider\u00f3 que el mundo se enfrenta a una \u201ccrisis civilizatoria\u201d debido al modelo econ\u00f3mico que genera desigualdad y deterioro ambiental.<\/p>\n\n\n\n<p>Esta crisis, seg\u00fan Day\u00e1n, \u201cno es algo nuevo, sino una tormenta que la humanidad ha vivido antes, aunque nunca de manera tan global y destructiva\u201d.<\/p>\n\n\n\n<p>En este sentido, destac\u00f3 que los \u00f3rganos multilaterales y los Estados, pensados en el pasado como garantes de la paz y la seguridad internacional, tambi\u00e9n est\u00e1n en crisis, lo que hace a\u00fan m\u00e1s urgente la necesidad de una nueva visi\u00f3n y resistencia frente a los desaf\u00edos actuales.<\/p>\n\n\n\n<p>El subcomandante Marcos agreg\u00f3 que la resistencia de los pueblos ind\u00edgenas, como los zapatistas, sigue siendo una esperanza ante el desmoronamiento del orden establecido y la descomposici\u00f3n social.<\/p>\n\n\n\n<p>Te puede interesar: Rechaza Bertha Alcalde Luj\u00e1n acusaciones de nepotismo<\/p>\n\n\n\n<p>El movimiento zapatista surgi\u00f3 el 1 de enero de 1994 en el sure\u00f1o estado de Chiapas con el levantamiento de un grupo de ind\u00edgenas armados liderados por el subcomandante Marcos.<\/p>\n\n\n\n<p>El Ej\u00e9rcito Zapatista de Liberaci\u00f3n Nacional (EZLN) se dio a conocer el mismo d\u00eda que entraba en vigor el Tratado de Libre Comercio de Am\u00e9rica del Norte (TLCAN), firmado por Canad\u00e1, Estados Unidos y M\u00e9xico, y que constituy\u00f3 todo un acontecimiento internacional.<\/p>\n\n\n\n<p>Como grupo guerrillero, los zapatistas pretend\u00edan luchar contra el entonces presidente de M\u00e9xico Carlos Salinas de Gortari (1988-1994) y actualmente, como movimiento pol\u00edtico, los zapatistas han sido cr\u00edticos con los gobiernos en turno.<\/p>\n\n\n\n<p>(Informaci\u00f3n de L\u00f3pez-D\u00f3riga Digital)<\/p>\n","protected":false},"excerpt":{"rendered":"<p>Redacci\u00f3n\/Zona Roja Cdmx. Ciudad de M\u00e9xico, a 30 de diciembre de 2024.- En la v\u00edspera&hellip;<\/p>\n","protected":false},"author":2,"featured_media":75981,"comment_status":"closed","ping_status":"open","sticky":false,"template":"","format":"standard","meta":{"_lmt_disableupdate":"","_lmt_disable":"","_jetpack_memberships_contains_paid_content":false,"footnotes":""},"categories":[109,47],"tags":[],"class_list":["post-75980","post","type-post","status-publish","format-standard","has-post-thumbnail","hentry","category-minuto-a-minuto","category-zona-gris"],"jetpack_featured_media_url":"https:\/\/zonaroja.com.mx\/wp-content\/uploads\/2024\/12\/Marcos-EZLN.jpeg","jetpack_sharing_enabled":true,"_links":{"self":[{"href":"https:\/\/zonaroja.com.mx\/index.php?rest_route=\/wp\/v2\/posts\/75980","targetHints":{"allow":["GET"]}}],"collection":[{"href":"https:\/\/zonaroja.com.mx\/index.php?rest_route=\/wp\/v2\/posts"}],"about":[{"href":"https:\/\/zonaroja.com.mx\/index.php?rest_route=\/wp\/v2\/types\/post"}],"author":[{"embeddable":true,"href":"https:\/\/zonaroja.com.mx\/index.php?rest_route=\/wp\/v2\/users\/2"}],"replies":[{"embeddable":true,"href":"https:\/\/zonaroja.com.mx\/index.php?rest_route=%2Fwp%2Fv2%2Fcomments&post=75980"}],"version-history":[{"count":1,"href":"https:\/\/zonaroja.com.mx\/index.php?rest_route=\/wp\/v2\/posts\/75980\/revisions"}],"predecessor-version":[{"id":75982,"href":"https:\/\/zonaroja.com.mx\/index.php?rest_route=\/wp\/v2\/posts\/75980\/revisions\/75982"}],"wp:featuredmedia":[{"embeddable":true,"href":"https:\/\/zonaroja.com.mx\/index.php?rest_route=\/wp\/v2\/media\/75981"}],"wp:attachment":[{"href":"https:\/\/zonaroja.com.mx\/index.php?rest_route=%2Fwp%2Fv2%2Fmedia&parent=75980"}],"wp:term":[{"taxonomy":"category","embeddable":true,"href":"https:\/\/zonaroja.com.mx\/index.php?rest_route=%2Fwp%2Fv2%2Fcategories&post=75980"},{"taxonomy":"post_tag","embeddable":true,"href":"https:\/\/zonaroja.com.mx\/index.php?rest_route=%2Fwp%2Fv2%2Ftags&post=75980"}],"curies":[{"name":"wp","href":"https:\/\/api.w.org\/{rel}","templated":true}]}}