{"id":75996,"date":"2024-12-31T06:50:08","date_gmt":"2024-12-31T12:50:08","guid":{"rendered":"https:\/\/zonaroja.com.mx\/?p=75996"},"modified":"2024-12-31T06:50:10","modified_gmt":"2024-12-31T12:50:10","slug":"el-ieepco-da-por-concluido-el-proceso-electoral-ordinario-2023-2024","status":"publish","type":"post","link":"https:\/\/zonaroja.com.mx\/?p=75996","title":{"rendered":"El IEEPCO da por concluido el Proceso Electoral Ordinario 2023-2024"},"content":{"rendered":"\n<p>Redacci\u00f3n\/Zona Roja.<\/p>\n\n\n\n<p>Oaxaca de Ju\u00e1rez, Oax., a 31 de diciembre de 2024.- Este lunes en sesi\u00f3n extraordinaria, el Consejo General del Instituto Estatal Electoral y de Participaci\u00f3n Ciudadana de Oaxaca, declar\u00f3 la conclusi\u00f3n del Proceso Electoral Ordinario 2023-2024, conforme a lo establecido por la normatividad electoral, asegurando elecciones libres, aut\u00e9nticas y peri\u00f3dicas, esto derivado de la resoluci\u00f3n final emitida el d\u00eda 27 de diciembre por la Sala Superior del Tribunal Electoral del Poder Judicial de la Federaci\u00f3n.<\/p>\n\n\n\n<p>La consejera presidenta, Elizabeth S\u00e1nchez Gonz\u00e1lez, explic\u00f3 que este proceso, que implic\u00f3 la renovaci\u00f3n del Congreso del Estado y los ayuntamientos en 152 municipios regidos por el sistema de partidos pol\u00edticos, ha sido una muestra del compromiso democr\u00e1tico que caracteriza a la ciudadan\u00eda oaxaque\u00f1a y a sus instituciones.<\/p>\n\n\n\n<p>\u201cEn el proceso electoral que hoy concluye, recibimos un total de 114 medios de impugnaci\u00f3n que fueron debidamente sustanciados. Este dato refleja la fortaleza institucional en el proceso electoral, ya que ninguna elecci\u00f3n municipal ni distrital fue anulada, un logro institucional que el IEEPCO y la ciudadan\u00eda oaxaque\u00f1a, se merecen\u201d.<\/p>\n\n\n\n<p>Finalmente reconoci\u00f3 que el \u00e9xito del proceso no habr\u00eda sido posible sin el esfuerzo incansable y comprometido del personal del IEEPCO, de todas y cada una de las consejer\u00edas electorales, refiri\u00e9ndose desde luego, a las consejer\u00edas que, en el mes de septiembre de este a\u00f1o, concluyeron su encargo y tambi\u00e9n a las consejer\u00edas que llegaron a la \u00faltima etapa del proceso, a fortalecer con determinaci\u00f3n los trabajos institucionales.<\/p>\n\n\n\n<p>En este mismo sentido, las consejeras electorales Zaira Alhel\u00ed Hip\u00f3lito L\u00f3pez, Gabriela Fernanda Espinoza Blancas, Ana Mar\u00eda M\u00e1rquez Andr\u00e9s y Jessica Jazibe Hern\u00e1ndez Garc\u00eda, agradecieron y reconocieron el compromiso de cada una de las personas que integraron e integran este \u00f3rgano electoral para llevar a buen t\u00e9rmino dicho proceso.<\/p>\n\n\n\n<p>Como segundo y \u00faltimo punto de la sesi\u00f3n fueron aprobaron los lineamientos para la destrucci\u00f3n de la documentaci\u00f3n electoral, conservaci\u00f3n y desincorporaci\u00f3n del material electoral, as\u00ed como para la desactivaci\u00f3n del l\u00edquido indeleble, utilizados durante los procesos electorales locales.<\/p>\n\n\n\n<p>Cabe se\u00f1alar que en dicha sesi\u00f3n extraordinaria tambi\u00e9n estuvieron presentes los consejeros electorales, Alejandro Carrasco Sampedro y Manuel Cort\u00e9s Muriedas, la encargada de la Secretar\u00eda Ejecutiva, Rebeca Garza L\u00f3pez y las representaciones de los partidos pol\u00edticos.<\/p>\n","protected":false},"excerpt":{"rendered":"<p>Redacci\u00f3n\/Zona Roja. Oaxaca de Ju\u00e1rez, Oax., a 31 de diciembre de 2024.- Este lunes en&hellip;<\/p>\n","protected":false},"author":2,"featured_media":75997,"comment_status":"closed","ping_status":"open","sticky":false,"template":"","format":"standard","meta":{"_lmt_disableupdate":"","_lmt_disable":"","_jetpack_memberships_contains_paid_content":false,"footnotes":""},"categories":[109,46],"tags":[2932],"class_list":["post-75996","post","type-post","status-publish","format-standard","has-post-thumbnail","hentry","category-minuto-a-minuto","category-zona-blanca","tag-instituto-estatal-electoral-y-de-participacion-ciudadana-de-oaxaca-ieepco"],"jetpack_featured_media_url":"https:\/\/zonaroja.com.mx\/wp-content\/uploads\/2024\/12\/Elizabeth-Sanchez-IEEPCO.jpeg","jetpack_sharing_enabled":true,"_links":{"self":[{"href":"https:\/\/zonaroja.com.mx\/index.php?rest_route=\/wp\/v2\/posts\/75996","targetHints":{"allow":["GET"]}}],"collection":[{"href":"https:\/\/zonaroja.com.mx\/index.php?rest_route=\/wp\/v2\/posts"}],"about":[{"href":"https:\/\/zonaroja.com.mx\/index.php?rest_route=\/wp\/v2\/types\/post"}],"author":[{"embeddable":true,"href":"https:\/\/zonaroja.com.mx\/index.php?rest_route=\/wp\/v2\/users\/2"}],"replies":[{"embeddable":true,"href":"https:\/\/zonaroja.com.mx\/index.php?rest_route=%2Fwp%2Fv2%2Fcomments&post=75996"}],"version-history":[{"count":1,"href":"https:\/\/zonaroja.com.mx\/index.php?rest_route=\/wp\/v2\/posts\/75996\/revisions"}],"predecessor-version":[{"id":75998,"href":"https:\/\/zonaroja.com.mx\/index.php?rest_route=\/wp\/v2\/posts\/75996\/revisions\/75998"}],"wp:featuredmedia":[{"embeddable":true,"href":"https:\/\/zonaroja.com.mx\/index.php?rest_route=\/wp\/v2\/media\/75997"}],"wp:attachment":[{"href":"https:\/\/zonaroja.com.mx\/index.php?rest_route=%2Fwp%2Fv2%2Fmedia&parent=75996"}],"wp:term":[{"taxonomy":"category","embeddable":true,"href":"https:\/\/zonaroja.com.mx\/index.php?rest_route=%2Fwp%2Fv2%2Fcategories&post=75996"},{"taxonomy":"post_tag","embeddable":true,"href":"https:\/\/zonaroja.com.mx\/index.php?rest_route=%2Fwp%2Fv2%2Ftags&post=75996"}],"curies":[{"name":"wp","href":"https:\/\/api.w.org\/{rel}","templated":true}]}}