{"id":75999,"date":"2024-12-31T08:20:00","date_gmt":"2024-12-31T14:20:00","guid":{"rendered":"https:\/\/zonaroja.com.mx\/?p=75999"},"modified":"2024-12-31T07:05:41","modified_gmt":"2024-12-31T13:05:41","slug":"retrasan-lista-de-burocratas-que-recuperaron-su-plaza-laboral","status":"publish","type":"post","link":"https:\/\/zonaroja.com.mx\/?p=75999","title":{"rendered":"Retrasan lista de bur\u00f3cratas que recuperaron su plaza laboral"},"content":{"rendered":"\n<p>Raymundo Morales\/Zona Roja.<\/p>\n\n\n\n<p>Oaxaca de Ju\u00e1rez, Oax., a 31 de diciembre de 2024.- A pesar de que los acuerdos concluyeron el domingo cerca del mediod\u00eda, hasta ahora a\u00fan no se ha publicado la lista de las 667 personas que podr\u00e1n recuperar su plaza laboral en el gobierno de Oaxaca.<\/p>\n\n\n\n<p>Por ello, anoche alrededor de las 21:00 horas, unos 50 ex trabajadores se concentraron en el exterior del Palacio de Gobierno, en la capital, y se manten\u00edan hasta los primeros minutos de hoy.<\/p>\n\n\n\n<p>Lo anterior para exigir a las autoridades estatales y a la dirigencia del Sindicato de Trabajadores de los Poderes del Estado e Instituciones Descentralizadas de Car\u00e1cter Estatal de Oaxaca (STPEIDCEO) que den a conocer los nombres de los beneficiarios de la recuperaci\u00f3n de su empleo.<\/p>\n\n\n\n<p>No obstante, no hubo atenci\u00f3n gubernamental a los inconformes, por lo cual prev\u00e9n continuar este martes con sus movilizaciones.<\/p>\n\n\n\n<p>Fue el domingo cerca del mediod\u00eda en que concluy\u00f3 la reuni\u00f3n entre representantes gubernamentales y sindicales, en el Centro Cultural y de Convenciones, donde la v\u00edspera arribaron los afectados y pernoctaron.<\/p>\n\n\n\n<p>El secretario General del gremio, Pedro Castillejos Villalobos dio a conocer los acuerdos y los lineamientos por los cuales se recuperaron 667 plazas, en tanto que el resto, 677, impugnar\u00e1n por la v\u00eda legal, a trav\u00e9s de amparos.<\/p>\n\n\n\n<p>Los que se reincorporar\u00e1n a sus labores a partir de ma\u00f1ana, recuperar\u00e1n los pagos pendientes desde el 12 de diciembre y mantendr\u00e1n todos sus derechos laborales, incluyendo la antig\u00fcedad; sin embargo, hasta esta ma\u00f1ana no han sido difundidos los nombres de los beneficiarios.<\/p>\n","protected":false},"excerpt":{"rendered":"<p>Raymundo Morales\/Zona Roja. Oaxaca de Ju\u00e1rez, Oax., a 31 de diciembre de 2024.- A pesar&hellip;<\/p>\n","protected":false},"author":2,"featured_media":76000,"comment_status":"closed","ping_status":"open","sticky":false,"template":"","format":"standard","meta":{"_lmt_disableupdate":"","_lmt_disable":"","_jetpack_memberships_contains_paid_content":false,"footnotes":""},"categories":[109,47],"tags":[972],"class_list":["post-75999","post","type-post","status-publish","format-standard","has-post-thumbnail","hentry","category-minuto-a-minuto","category-zona-gris","tag-stpeidceo"],"jetpack_featured_media_url":"https:\/\/zonaroja.com.mx\/wp-content\/uploads\/2024\/12\/Protesta-burocratas-palacio-STPEIDCEO.jpg","jetpack_sharing_enabled":true,"_links":{"self":[{"href":"https:\/\/zonaroja.com.mx\/index.php?rest_route=\/wp\/v2\/posts\/75999","targetHints":{"allow":["GET"]}}],"collection":[{"href":"https:\/\/zonaroja.com.mx\/index.php?rest_route=\/wp\/v2\/posts"}],"about":[{"href":"https:\/\/zonaroja.com.mx\/index.php?rest_route=\/wp\/v2\/types\/post"}],"author":[{"embeddable":true,"href":"https:\/\/zonaroja.com.mx\/index.php?rest_route=\/wp\/v2\/users\/2"}],"replies":[{"embeddable":true,"href":"https:\/\/zonaroja.com.mx\/index.php?rest_route=%2Fwp%2Fv2%2Fcomments&post=75999"}],"version-history":[{"count":1,"href":"https:\/\/zonaroja.com.mx\/index.php?rest_route=\/wp\/v2\/posts\/75999\/revisions"}],"predecessor-version":[{"id":76001,"href":"https:\/\/zonaroja.com.mx\/index.php?rest_route=\/wp\/v2\/posts\/75999\/revisions\/76001"}],"wp:featuredmedia":[{"embeddable":true,"href":"https:\/\/zonaroja.com.mx\/index.php?rest_route=\/wp\/v2\/media\/76000"}],"wp:attachment":[{"href":"https:\/\/zonaroja.com.mx\/index.php?rest_route=%2Fwp%2Fv2%2Fmedia&parent=75999"}],"wp:term":[{"taxonomy":"category","embeddable":true,"href":"https:\/\/zonaroja.com.mx\/index.php?rest_route=%2Fwp%2Fv2%2Fcategories&post=75999"},{"taxonomy":"post_tag","embeddable":true,"href":"https:\/\/zonaroja.com.mx\/index.php?rest_route=%2Fwp%2Fv2%2Ftags&post=75999"}],"curies":[{"name":"wp","href":"https:\/\/api.w.org\/{rel}","templated":true}]}}